{"id":82799,"date":"2026-01-24T15:34:58","date_gmt":"2026-01-24T12:34:58","guid":{"rendered":"https:\/\/www.egemtv.com\/?p=82799"},"modified":"2026-01-24T15:34:59","modified_gmt":"2026-01-24T12:34:59","slug":"simav-diyanet-genc-ofisinden-ogrencilere-hediye-surprizi","status":"publish","type":"post","link":"https:\/\/www.egemtv.com\/?p=82799","title":{"rendered":"Simav Diyanet Gen\u00e7 Ofisi\u2019nden \u00f6\u011frencilere hediye s\u00fcrprizi"},"content":{"rendered":"<p>K\u00fctahya\u2019da Simav Diyanet Gen\u00e7 Ofisi ve \u0130zci Evi\u2019nde d\u00fczenlenen etkinlikte, il\u00e7ede 7-10 ya\u015f grubuna y\u00f6nelik et\u00fct ve Kur\u2019an-\u0131 Kerim kursu e\u011fitimlerine devam eden \u00f6\u011frencilere \u00e7e\u015fitli hediyeler verildi.<br \/>\n<br \/>Manevi Dan\u0131\u015fman ve Diyanet \u0130zcilik Lideri Cuma Ali Tosun ile Gen\u00e7 Ofis\u2019te din g\u00f6revlilerinin gayretleriyle y\u00fcr\u00fct\u00fclen e\u011fitim faaliyetleri kapsam\u0131nda anlaml\u0131 bir program ger\u00e7ekle\u015ftirildi. D\u00f6nem boyunca g\u00f6sterdikleri namaz bilinci, dini hassasiyetleri ve ders ba\u015far\u0131lar\u0131 i\u00e7in \u00f6\u011frenciler \u00f6d\u00fcllendirildi. Simav \u0130l\u00e7e M\u00fcft\u00fcs\u00fc Hasan Ser\u00e7e, \u015eube M\u00fcd\u00fcr\u00fc Hakk\u0131 Bal\u0131 ve g\u00f6revli hocalar taraf\u0131ndan dereceye giren k\u0131z ile erkek \u00f6\u011frencilere, hay\u0131rseverlerin katk\u0131lar\u0131yla \u00e7e\u015fitli hediyeler takdim edildi. K\u0131z ve erkek \u00f6\u011frenciler aras\u0131ndan birincilere bisiklet, ikincilere tablet, \u00fc\u00e7\u00fcnc\u00fclere ise scooter hediye olarak verildi. Programa kat\u0131lan t\u00fcm \u00f6\u011frencilere ak\u0131ll\u0131 saat, Bluetooth kulakl\u0131k, hoparl\u00f6r ve \u00e7e\u015fitli ak\u0131l-zeka oyunlar\u0131 da\u011f\u0131t\u0131ld\u0131.<br \/>\n<br \/>Programda konu\u015fan Manevi Dan\u0131\u015fman Cuma Ali Tosun, \u00e7al\u0131\u015fmalar\u0131n \u00e7ocuklar\u0131n manevi geli\u015fimine \u00f6nemli katk\u0131lar sundu\u011funu belirtti. Velilerin g\u00f6sterdi\u011fi ilgi ve g\u00fcvenin kendilerini motive etti\u011fini ifade eden Tosun, e\u011fitim faaliyetlerinin ikinci d\u00f6nemde de artarak devam edece\u011fini vurgulayarak, &#8220;Desteklerini esirgemeyen t\u00fcm hay\u0131rseverlere ve Hisarard\u0131 Camii cemaatinden hay\u0131rsever abimize te\u015fekk\u00fcr ediyorum. Allah raz\u0131 olsun&#8221; dedi.<br \/><\/p>\n","protected":false},"excerpt":{"rendered":"<p>K\u00fctahya\u2019da Simav Diyanet Gen\u00e7 Ofisi ve \u0130zci Evi\u2019nde d\u00fczenlenen etkinlikte, il\u00e7ede 7-10 ya\u015f grubuna y\u00f6nelik et\u00fct ve Kur\u2019an-\u0131 Kerim kursu e\u011fitimlerine devam eden \u00f6\u011frencilere \u00e7e\u015fitli hediyeler verildi. Manevi Dan\u0131\u015fman ve Diyanet \u0130zcilik Lideri Cuma Ali Tosun ile Gen\u00e7 Ofis\u2019te din g\u00f6revlilerinin gayretleriyle y\u00fcr\u00fct\u00fclen e\u011fitim faaliyetleri kapsam\u0131nda anlaml\u0131 bir program ger\u00e7ekle\u015ftirildi. D\u00f6nem boyunca g\u00f6sterdikleri namaz bilinci,&#8230;<\/p>\n","protected":false},"author":1,"featured_media":82800,"comment_status":"open","ping_status":"open","sticky":false,"template":"","format":"standard","meta":{"_crdt_document":"","footnotes":""},"categories":[1],"tags":[],"class_list":["post-82799","post","type-post","status-publish","format-standard","has-post-thumbnail","hentry","category-guncel"],"_links":{"self":[{"href":"https:\/\/www.egemtv.com\/index.php?rest_route=\/wp\/v2\/posts\/82799","targetHints":{"allow":["GET"]}}],"collection":[{"href":"https:\/\/www.egemtv.com\/index.php?rest_route=\/wp\/v2\/posts"}],"about":[{"href":"https:\/\/www.egemtv.com\/index.php?rest_route=\/wp\/v2\/types\/post"}],"author":[{"embeddable":true,"href":"https:\/\/www.egemtv.com\/index.php?rest_route=\/wp\/v2\/users\/1"}],"replies":[{"embeddable":true,"href":"https:\/\/www.egemtv.com\/index.php?rest_route=%2Fwp%2Fv2%2Fcomments&post=82799"}],"version-history":[{"count":1,"href":"https:\/\/www.egemtv.com\/index.php?rest_route=\/wp\/v2\/posts\/82799\/revisions"}],"predecessor-version":[{"id":82801,"href":"https:\/\/www.egemtv.com\/index.php?rest_route=\/wp\/v2\/posts\/82799\/revisions\/82801"}],"wp:featuredmedia":[{"embeddable":true,"href":"https:\/\/www.egemtv.com\/index.php?rest_route=\/wp\/v2\/media\/82800"}],"wp:attachment":[{"href":"https:\/\/www.egemtv.com\/index.php?rest_route=%2Fwp%2Fv2%2Fmedia&parent=82799"}],"wp:term":[{"taxonomy":"category","embeddable":true,"href":"https:\/\/www.egemtv.com\/index.php?rest_route=%2Fwp%2Fv2%2Fcategories&post=82799"},{"taxonomy":"post_tag","embeddable":true,"href":"https:\/\/www.egemtv.com\/index.php?rest_route=%2Fwp%2Fv2%2Ftags&post=82799"}],"curies":[{"name":"wp","href":"https:\/\/api.w.org\/{rel}","templated":true}]}}