{"id":82796,"date":"2026-01-24T14:55:31","date_gmt":"2026-01-24T11:55:31","guid":{"rendered":"https:\/\/www.egemtv.com\/?p=82796"},"modified":"2026-01-24T14:55:32","modified_gmt":"2026-01-24T11:55:32","slug":"salfodtan-fotografa-ilgi-duyanlara-uygulamali-atolye-calismasi","status":"publish","type":"post","link":"https:\/\/www.egemtv.com\/?p=82796","title":{"rendered":"SALFOD\u2019tan foto\u011frafa ilgi duyanlara uygulamal\u0131 at\u00f6lye \u00e7al\u0131\u015fmas\u0131"},"content":{"rendered":"<p>Manisa\u2019n\u0131n Salihli il\u00e7esinde faaliyet g\u00f6steren ve k\u0131sa ad\u0131 SALFOD olan Salihli Foto\u011fraf Derne\u011fi, foto\u011frafa yeni ba\u015flayanlara y\u00f6nelik her y\u0131l geleneksel olarak d\u00fczenledi\u011fi foto\u011fraf at\u00f6lye \u00e7al\u0131\u015fmalar\u0131n\u0131n 2026 y\u0131l\u0131ndaki ilk \u00e7al\u0131\u015fmas\u0131n\u0131 yo\u011fun kat\u0131l\u0131mla ba\u015flatt\u0131.<br \/>\n<br \/>\u0130ki ay s\u00fcrecek at\u00f6lye program\u0131 kapsam\u0131nda kat\u0131l\u0131mc\u0131lara; foto\u011frafa giri\u015f, diyafram ve enstantane kullan\u0131m\u0131, kompozisyon, temel foto\u011fraf teknikleri ve foto\u011frafa dair bir\u00e7ok konu hem teorik hem de uygulamal\u0131 olarak aktar\u0131lacak.<br \/>\n<br \/>At\u00f6lye \u00e7al\u0131\u015fmalar\u0131, Bahtiyar Ba\u015fkan \u00f6nc\u00fcl\u00fc\u011f\u00fcnde; derne\u011fin deneyimli e\u011fitmenleri Ay\u015fe Sevi, Hatice Efe, Ali Kabasakal ve \u00d6zcan T\u00fcrbe taraf\u0131ndan y\u00fcr\u00fct\u00fclecek. E\u011fitimler boyunca kursiyerler, farkl\u0131 foto\u011fraf \u00e7ekim tekniklerini sahada uygulama imk\u00e2n\u0131 bulacak.<br \/>\n<br \/>SALFOD Ba\u015fkan\u0131 Mustafa D\u00f6nmez, at\u00f6lye \u00e7al\u0131\u015fmalar\u0131n\u0131n amac\u0131n\u0131n foto\u011fraf sanat\u0131na ilgi duyan yeni isimleri yeti\u015ftirerek yeni foto\u011fraf sanat\u00e7\u0131lar\u0131 kazand\u0131rmak oldu\u011funu ifade etti.<br \/><\/p>\n","protected":false},"excerpt":{"rendered":"<p>Manisa\u2019n\u0131n Salihli il\u00e7esinde faaliyet g\u00f6steren ve k\u0131sa ad\u0131 SALFOD olan Salihli Foto\u011fraf Derne\u011fi, foto\u011frafa yeni ba\u015flayanlara y\u00f6nelik her y\u0131l geleneksel olarak d\u00fczenledi\u011fi foto\u011fraf at\u00f6lye \u00e7al\u0131\u015fmalar\u0131n\u0131n 2026 y\u0131l\u0131ndaki ilk \u00e7al\u0131\u015fmas\u0131n\u0131 yo\u011fun kat\u0131l\u0131mla ba\u015flatt\u0131. \u0130ki ay s\u00fcrecek at\u00f6lye program\u0131 kapsam\u0131nda kat\u0131l\u0131mc\u0131lara; foto\u011frafa giri\u015f, diyafram ve enstantane kullan\u0131m\u0131, kompozisyon, temel foto\u011fraf teknikleri ve foto\u011frafa dair bir\u00e7ok konu hem&#8230;<\/p>\n","protected":false},"author":1,"featured_media":82797,"comment_status":"open","ping_status":"open","sticky":false,"template":"","format":"standard","meta":{"_crdt_document":"","footnotes":""},"categories":[1],"tags":[],"class_list":["post-82796","post","type-post","status-publish","format-standard","has-post-thumbnail","hentry","category-guncel"],"_links":{"self":[{"href":"https:\/\/www.egemtv.com\/index.php?rest_route=\/wp\/v2\/posts\/82796","targetHints":{"allow":["GET"]}}],"collection":[{"href":"https:\/\/www.egemtv.com\/index.php?rest_route=\/wp\/v2\/posts"}],"about":[{"href":"https:\/\/www.egemtv.com\/index.php?rest_route=\/wp\/v2\/types\/post"}],"author":[{"embeddable":true,"href":"https:\/\/www.egemtv.com\/index.php?rest_route=\/wp\/v2\/users\/1"}],"replies":[{"embeddable":true,"href":"https:\/\/www.egemtv.com\/index.php?rest_route=%2Fwp%2Fv2%2Fcomments&post=82796"}],"version-history":[{"count":1,"href":"https:\/\/www.egemtv.com\/index.php?rest_route=\/wp\/v2\/posts\/82796\/revisions"}],"predecessor-version":[{"id":82798,"href":"https:\/\/www.egemtv.com\/index.php?rest_route=\/wp\/v2\/posts\/82796\/revisions\/82798"}],"wp:featuredmedia":[{"embeddable":true,"href":"https:\/\/www.egemtv.com\/index.php?rest_route=\/wp\/v2\/media\/82797"}],"wp:attachment":[{"href":"https:\/\/www.egemtv.com\/index.php?rest_route=%2Fwp%2Fv2%2Fmedia&parent=82796"}],"wp:term":[{"taxonomy":"category","embeddable":true,"href":"https:\/\/www.egemtv.com\/index.php?rest_route=%2Fwp%2Fv2%2Fcategories&post=82796"},{"taxonomy":"post_tag","embeddable":true,"href":"https:\/\/www.egemtv.com\/index.php?rest_route=%2Fwp%2Fv2%2Ftags&post=82796"}],"curies":[{"name":"wp","href":"https:\/\/api.w.org\/{rel}","templated":true}]}}