{"id":82793,"date":"2026-01-24T14:55:30","date_gmt":"2026-01-24T11:55:30","guid":{"rendered":"https:\/\/www.egemtv.com\/?p=82793"},"modified":"2026-01-24T14:55:31","modified_gmt":"2026-01-24T11:55:31","slug":"mhp-salihliden-hayirli-gunler-komsum-ziyaretleri-suruyor","status":"publish","type":"post","link":"https:\/\/www.egemtv.com\/?p=82793","title":{"rendered":"MHP Salihli\u2019den \u2018Hay\u0131rl\u0131 g\u00fcnler kom\u015fum\u2019 ziyaretleri s\u00fcr\u00fcyor"},"content":{"rendered":"<p>Milliyet\u00e7i Hareket Partisi (MHP) Salihli \u0130l\u00e7e Ba\u015fkanl\u0131\u011f\u0131, &#8220;Hay\u0131rl\u0131 g\u00fcnler kom\u015fum&#8221; slogan\u0131yla il\u00e7e merkezi ve mahallelerde hane, esnaf ve kahvehane ziyaretlerini s\u00fcrd\u00fcr\u00fcyor.<br \/>\n<br \/>MHP Salihli \u0130l\u00e7e Ba\u015fkan\u0131 Halil T\u00fcfek ve y\u00f6netimi, MHP Genel Ba\u015fkan\u0131 Devlet Bah\u00e7eli\u2019nin talimatlar\u0131 do\u011frultusunda ba\u015flat\u0131lan &#8220;Hay\u0131rl\u0131 G\u00fcnler Kom\u015fum Ziyaretleri&#8221; kapsam\u0131nda Salihli\u2019de esnaf ve vatanda\u015flarla bir araya geldi. Program \u00e7er\u00e7evesinde i\u015f yerlerini tek tek ziyaret eden \u0130l\u00e7e Ba\u015fkan\u0131 T\u00fcfek, esnaf\u0131n talep ve sorunlar\u0131n\u0131 dinledi.<br \/>\n<br \/>Ger\u00e7ekle\u015ftirilen ziyaretlerde vatanda\u015flar\u0131n beklentileri not al\u0131n\u0131rken, MHP\u2019nin yerel ve genel politikalar\u0131 hakk\u0131nda da bilgilendirmelerde bulunuldu. Samimi sohbetlerin ger\u00e7ekle\u015fti\u011fi ziyaretlerde esnaf\u0131n g\u00f6sterdi\u011fi ilgiden duydu\u011fu memnuniyeti dile getiren Halil T\u00fcfek, partilerinin her zaman milletle i\u00e7 i\u00e7e bir siyaset anlay\u0131\u015f\u0131na sahip oldu\u011funu vurgulad\u0131.<br \/>\n<br \/>Ba\u015fkan T\u00fcfek, &#8220;Genel Ba\u015fkan\u0131m\u0131z Say\u0131n Devlet Bah\u00e7eli\u2019nin ortaya koydu\u011fu siyaset anlay\u0131\u015f\u0131 do\u011frultusunda vatanda\u015flar\u0131m\u0131zla g\u00f6n\u00fcl ba\u011f\u0131m\u0131z\u0131 g\u00fc\u00e7lendirmeye devam ediyoruz. Esnaf\u0131m\u0131z\u0131n ve hem\u015fehrilerimizin yan\u0131nda olmay\u0131 s\u00fcrd\u00fcrece\u011fiz. Dinlemedik dert, payla\u015f\u0131lmad\u0131k sorun kalmayacak. Tasay\u0131 dinlemeye, kayg\u0131y\u0131 anlamaya, s\u0131k\u0131nt\u0131y\u0131 payla\u015fmaya geliyoruz. Biz birlikte g\u00fc\u00e7l\u00fcy\u00fcz. Her derdi payla\u015farak, her g\u00f6n\u00fcle dokunarak daha ayd\u0131nl\u0131k yar\u0131nlara y\u00fcr\u00fcyoruz.&#8221;<br \/>\n<br \/>MHP Salihli \u0130l\u00e7e Te\u015fkilat\u0131\u2019n\u0131n \u00f6n\u00fcm\u00fczdeki g\u00fcnlerde de mahalle ve esnaf ziyaretlerine devam edece\u011fi bildirildi.<br \/><\/p>\n","protected":false},"excerpt":{"rendered":"<p>Milliyet\u00e7i Hareket Partisi (MHP) Salihli \u0130l\u00e7e Ba\u015fkanl\u0131\u011f\u0131, &#8220;Hay\u0131rl\u0131 g\u00fcnler kom\u015fum&#8221; slogan\u0131yla il\u00e7e merkezi ve mahallelerde hane, esnaf ve kahvehane ziyaretlerini s\u00fcrd\u00fcr\u00fcyor. MHP Salihli \u0130l\u00e7e Ba\u015fkan\u0131 Halil T\u00fcfek ve y\u00f6netimi, MHP Genel Ba\u015fkan\u0131 Devlet Bah\u00e7eli\u2019nin talimatlar\u0131 do\u011frultusunda ba\u015flat\u0131lan &#8220;Hay\u0131rl\u0131 G\u00fcnler Kom\u015fum Ziyaretleri&#8221; kapsam\u0131nda Salihli\u2019de esnaf ve vatanda\u015flarla bir araya geldi. Program \u00e7er\u00e7evesinde i\u015f yerlerini tek tek&#8230;<\/p>\n","protected":false},"author":1,"featured_media":82794,"comment_status":"open","ping_status":"open","sticky":false,"template":"","format":"standard","meta":{"_crdt_document":"","footnotes":""},"categories":[127],"tags":[],"class_list":["post-82793","post","type-post","status-publish","format-standard","has-post-thumbnail","hentry","category-siyaset"],"_links":{"self":[{"href":"https:\/\/www.egemtv.com\/index.php?rest_route=\/wp\/v2\/posts\/82793","targetHints":{"allow":["GET"]}}],"collection":[{"href":"https:\/\/www.egemtv.com\/index.php?rest_route=\/wp\/v2\/posts"}],"about":[{"href":"https:\/\/www.egemtv.com\/index.php?rest_route=\/wp\/v2\/types\/post"}],"author":[{"embeddable":true,"href":"https:\/\/www.egemtv.com\/index.php?rest_route=\/wp\/v2\/users\/1"}],"replies":[{"embeddable":true,"href":"https:\/\/www.egemtv.com\/index.php?rest_route=%2Fwp%2Fv2%2Fcomments&post=82793"}],"version-history":[{"count":1,"href":"https:\/\/www.egemtv.com\/index.php?rest_route=\/wp\/v2\/posts\/82793\/revisions"}],"predecessor-version":[{"id":82795,"href":"https:\/\/www.egemtv.com\/index.php?rest_route=\/wp\/v2\/posts\/82793\/revisions\/82795"}],"wp:featuredmedia":[{"embeddable":true,"href":"https:\/\/www.egemtv.com\/index.php?rest_route=\/wp\/v2\/media\/82794"}],"wp:attachment":[{"href":"https:\/\/www.egemtv.com\/index.php?rest_route=%2Fwp%2Fv2%2Fmedia&parent=82793"}],"wp:term":[{"taxonomy":"category","embeddable":true,"href":"https:\/\/www.egemtv.com\/index.php?rest_route=%2Fwp%2Fv2%2Fcategories&post=82793"},{"taxonomy":"post_tag","embeddable":true,"href":"https:\/\/www.egemtv.com\/index.php?rest_route=%2Fwp%2Fv2%2Ftags&post=82793"}],"curies":[{"name":"wp","href":"https:\/\/api.w.org\/{rel}","templated":true}]}}