{"id":82790,"date":"2026-01-24T14:55:29","date_gmt":"2026-01-24T11:55:29","guid":{"rendered":"https:\/\/www.egemtv.com\/?p=82790"},"modified":"2026-01-24T14:55:30","modified_gmt":"2026-01-24T11:55:30","slug":"turgutluda-3-aylik-bebek-yataginda-olu-bulundu","status":"publish","type":"post","link":"https:\/\/www.egemtv.com\/?p=82790","title":{"rendered":"Turgutlu\u2019da 3 ayl\u0131k bebek yata\u011f\u0131nda \u00f6l\u00fc bulundu"},"content":{"rendered":"<p>Manisa\u2019n\u0131n Turgutlu il\u00e7esinde meydana gelen olayda 3 ayl\u0131k \u015e.A.Y.\u2019n\u0131n uyudu\u011fu yatakta \u00f6l\u00fc halde bulundu\u011fu iddia edildi.<br \/>\n<br \/>Olay, Turgutlu il\u00e7esi Altay Mahallesi \u00dcnal Sokakta bulunan bir apartman dairesinde meydana geldi.<br \/>\n<br \/>Edinilen bilgiye g\u00f6re, evde yaln\u0131z ya\u015fayan anne F.Y. (28) 3 ayl\u0131k k\u0131z bebe\u011fini yatakta hareketsiz halde buldu. Haber verilmesi \u00fczerine olay yerine sa\u011fl\u0131k ve polis ekipleri sevk edildi. Sa\u011fl\u0131k ekiplerinin yapt\u0131\u011f\u0131 kontrollerde bebe\u011fin hayat\u0131n\u0131 kaybetti\u011fi tespit edildi.<br \/>\n<br \/>Evde yap\u0131lan ilk incelemelerin ard\u0131ndan bebek \u015e.A.Y.\u2019n\u0131n kesin \u00f6l\u00fcm sebebinin belirlenmesi i\u00e7in \u0130zmir Adli T\u0131p Kurumuna g\u00f6nderilirken, anne F.Y. ise ifadesi al\u0131nmak \u00fczere emniyete g\u00f6t\u00fcr\u00fcld\u00fc.<br \/>\n<br \/>Talihsiz olayla ilgili incelemenin devam etti\u011fi bildirildi.<br \/><\/p>\n","protected":false},"excerpt":{"rendered":"<p>Manisa\u2019n\u0131n Turgutlu il\u00e7esinde meydana gelen olayda 3 ayl\u0131k \u015e.A.Y.\u2019n\u0131n uyudu\u011fu yatakta \u00f6l\u00fc halde bulundu\u011fu iddia edildi. Olay, Turgutlu il\u00e7esi Altay Mahallesi \u00dcnal Sokakta bulunan bir apartman dairesinde meydana geldi. Edinilen bilgiye g\u00f6re, evde yaln\u0131z ya\u015fayan anne F.Y. (28) 3 ayl\u0131k k\u0131z bebe\u011fini yatakta hareketsiz halde buldu. Haber verilmesi \u00fczerine olay yerine sa\u011fl\u0131k ve polis ekipleri&#8230;<\/p>\n","protected":false},"author":1,"featured_media":82791,"comment_status":"open","ping_status":"open","sticky":false,"template":"","format":"standard","meta":{"_crdt_document":"","footnotes":""},"categories":[5],"tags":[],"class_list":["post-82790","post","type-post","status-publish","format-standard","has-post-thumbnail","hentry","category-asayis"],"_links":{"self":[{"href":"https:\/\/www.egemtv.com\/index.php?rest_route=\/wp\/v2\/posts\/82790","targetHints":{"allow":["GET"]}}],"collection":[{"href":"https:\/\/www.egemtv.com\/index.php?rest_route=\/wp\/v2\/posts"}],"about":[{"href":"https:\/\/www.egemtv.com\/index.php?rest_route=\/wp\/v2\/types\/post"}],"author":[{"embeddable":true,"href":"https:\/\/www.egemtv.com\/index.php?rest_route=\/wp\/v2\/users\/1"}],"replies":[{"embeddable":true,"href":"https:\/\/www.egemtv.com\/index.php?rest_route=%2Fwp%2Fv2%2Fcomments&post=82790"}],"version-history":[{"count":1,"href":"https:\/\/www.egemtv.com\/index.php?rest_route=\/wp\/v2\/posts\/82790\/revisions"}],"predecessor-version":[{"id":82792,"href":"https:\/\/www.egemtv.com\/index.php?rest_route=\/wp\/v2\/posts\/82790\/revisions\/82792"}],"wp:featuredmedia":[{"embeddable":true,"href":"https:\/\/www.egemtv.com\/index.php?rest_route=\/wp\/v2\/media\/82791"}],"wp:attachment":[{"href":"https:\/\/www.egemtv.com\/index.php?rest_route=%2Fwp%2Fv2%2Fmedia&parent=82790"}],"wp:term":[{"taxonomy":"category","embeddable":true,"href":"https:\/\/www.egemtv.com\/index.php?rest_route=%2Fwp%2Fv2%2Fcategories&post=82790"},{"taxonomy":"post_tag","embeddable":true,"href":"https:\/\/www.egemtv.com\/index.php?rest_route=%2Fwp%2Fv2%2Ftags&post=82790"}],"curies":[{"name":"wp","href":"https:\/\/api.w.org\/{rel}","templated":true}]}}