{"id":82787,"date":"2026-01-24T14:36:32","date_gmt":"2026-01-24T11:36:32","guid":{"rendered":"https:\/\/www.egemtv.com\/?p=82787"},"modified":"2026-01-24T14:36:33","modified_gmt":"2026-01-24T11:36:33","slug":"baskan-basdegirmen-ispartada-su-sorununu-kalici-olarak-cozuyoruz","status":"publish","type":"post","link":"https:\/\/www.egemtv.com\/?p=82787","title":{"rendered":"Ba\u015fkan Ba\u015fde\u011firmen: &#8220;Isparta\u2019da su sorununu kal\u0131c\u0131 olarak \u00e7\u00f6z\u00fcyoruz&#8221;"},"content":{"rendered":"<p>Isparta Belediye Ba\u015fkan\u0131 \u015e\u00fckr\u00fc Ba\u015fd\u011feirmen, belediye b\u00fcnyesindeki \u0130klim De\u011fi\u015fikli\u011fi ve S\u0131f\u0131r At\u0131k M\u00fcd\u00fcrl\u00fc\u011f\u00fc, Ula\u015f\u0131m Hizmetleri M\u00fcd\u00fcrl\u00fc\u011f\u00fc ile Su ve Kanalizasyon \u0130\u015fleri M\u00fcd\u00fcrl\u00fc\u011f\u00fc personeline y\u00f6nelik d\u00fczenledi\u011fi yemek program\u0131nda kentteki su ve alt yap\u0131 yat\u0131r\u0131mlar\u0131 ba\u015fta olmak \u00fczere belediyenin y\u00fcr\u00fctt\u00fc\u011f\u00fc hizmetler hakk\u0131nda \u00f6nemli a\u00e7\u0131klamalarda bulundu. \u0130\u00e7me suyu ar\u0131tma tesisi projesinin yat\u0131r\u0131m program\u0131na al\u0131nd\u0131\u011f\u0131n\u0131 belirten Ba\u015fkan Ba\u015fde\u011firmen, &#8220;1,4 milyar liral\u0131k yat\u0131r\u0131mla Isparta\u2019n\u0131n i\u00e7me suyu ar\u0131tma tesisini yeniliyoruz. \u0130n\u015fallah bu y\u0131l in\u015faata ba\u015flayaca\u011f\u0131z&#8221; dedi.<br \/>\n<br \/>Isparta Belediye Ba\u015fkan\u0131 \u015e\u00fckr\u00fc Ba\u015fde\u011fimen ve e\u015fi \u015eadiye Ba\u015fde\u011firmen, belediye birimlerinde g\u00f6revli personelle bulu\u015fmaya devam ediyor. Ba\u015fkan Ba\u015fde\u011firmen ve e\u015fi \u015eadiye Ba\u015fde\u011firmen son olarak belediye b\u00fcnyesindeki \u0130klim De\u011fi\u015fikli\u011fi ve S\u0131f\u0131r At\u0131k M\u00fcd\u00fcrl\u00fc\u011f\u00fc, Ula\u015f\u0131m Hizmetleri M\u00fcd\u00fcrl\u00fc\u011f\u00fc ile Su ve Kanalizasyon M\u00fcd\u00fcrl\u00fc\u011f\u00fc personeliyle yemek program\u0131nda bir araya geldi. Birim m\u00fcd\u00fcrleri Ba\u015fde\u011firmen \u00e7iftine \u00e7i\u00e7ek takdiminde bulundu.<\/p>\n<p>\u00dcsta\u015f: &#8220;137 personelimiz ve 39 hizmet arac\u0131m\u0131zla 45 mahalleye hizmet veriyoruz&#8221;<br \/>\n<br \/>D\u00fczenlenen programda ilk olarak konu\u015fan Isparta Belediyesi Su ve Kanalizasyon \u0130\u015fleri M\u00fcd\u00fcr\u00fc Veli \u00dcsta\u015f, Isparta\u2019n\u0131n su ihtiyac\u0131n\u0131n kar\u015f\u0131lanmas\u0131 i\u00e7in canla ba\u015fla \u00e7al\u0131\u015ft\u0131klar\u0131n\u0131 belirterek, &#8220;Su ve Kanalizasyon \u0130\u015fleri M\u00fcd\u00fcrl\u00fc\u011f\u00fc 7 g\u00fcn 24 saat mevhumu g\u00f6zetmeksizin fedak\u00e2rca \u00e7al\u0131\u015fmaktay\u0131z. Vatanda\u015flar\u0131m\u0131z\u0131n ma\u011fdur olmamas\u0131 i\u00e7in ve ihtiya\u00e7lar\u0131na y\u00f6nelik Isparta\u2019n\u0131n t\u00fcm mahallelerine hizmet etmekteyiz.  Su ve Kanalizasyon \u0130\u015fleri M\u00fcd\u00fcrl\u00fc\u011f\u00fcm\u00fcz 137 personeli ve 39 hizmet arac\u0131yla Isparta\u2019n\u0131n 45 mahallesine i\u00e7me suyu ve altyap\u0131 hizmeti ula\u015ft\u0131rmaktad\u0131r. Vatanda\u015flar\u0131m\u0131z i\u00e7in de \u00e7al\u0131\u015fmalar\u0131m\u0131z\u0131 s\u00fcrd\u00fcrece\u011fiz&#8221; dedi.<\/p>\n<p>Ersal: &#8220;Sizin y\u00f6nlendirmenizle \u0131sparta\u2019n\u0131n ula\u015f\u0131m\u0131na \u00f6nemli katk\u0131lar sa\u011fland\u0131&#8221;<br \/>\n<br \/>Isparta Belediyesi Ula\u015f\u0131m Hizmetleri M\u00fcd\u00fcr\u00fc Mehmet Ali Ersal ise &#8220;24 personelimizle talimatlar\u0131n\u0131z ve desteklerinizle Isparta halk\u0131na hep beraber hizmet etmeye gayret i\u00e7indeyiz. Her zaman deste\u011finizi ve yard\u0131mlar\u0131n\u0131z\u0131 yan\u0131m\u0131zda g\u00f6rd\u00fck. Y\u00f6nlendirmelerinizle Isparta trafi\u011fine, Isparta ula\u015f\u0131m\u0131na yeni katk\u0131lar sa\u011fland\u0131&#8221; diye konu\u015ftu.<\/p>\n<p>Akat: &#8220;Ba\u015fkan\u0131m\u0131z\u0131n \u2018ne gerekliyse yap\u0131n\u2019 talimat\u0131 do\u011frultusunda \u00e7al\u0131\u015f\u0131yoruz&#8221;<br \/>\n<br \/>Isparta Belediyesi \u0130klim De\u011fi\u015fikli\u011fi ve S\u0131f\u0131r At\u0131k M\u00fcd\u00fcr\u00fc Murat Akat, Ba\u015fkan Ba\u015fde\u011firmen\u2019in &#8220;ne gerekiyorsa yap\u0131n&#8221; talimat\u0131yla \u00e7al\u0131\u015ft\u0131klar\u0131n\u0131 belirterek, Isparta i\u00e7in var g\u00fc\u00e7leriyle \u00e7al\u0131\u015fmaya devam edeceklerini s\u00f6yledi. M\u00fcd\u00fcr Akat, &#8220;Say\u0131n Ba\u015fkan\u0131m, g\u00f6reve geldi\u011finiz g\u00fcnden beri &#8220;ne gerekliyse yap\u0131n&#8221; talimat\u0131n\u0131zdan dolay\u0131 ve verdi\u011finiz desteklerle var g\u00fcc\u00fcm\u00fczle \u00e7al\u0131\u015fmaya devam ediyoruz&#8221; \u015feklinde konu\u015ftu.<\/p>\n<p>Ba\u015fkan Ba\u015fde\u011firmen: &#8220;Vatanda\u015flar\u0131m\u0131z\u0131n bize te\u015fekk\u00fcr\u00fc sizler sayesinde geliyor&#8221;<br \/>\n<br \/>Isparta Belediye Ba\u015fkan\u0131 \u015e\u00fckr\u00fc Ba\u015fde\u011firmen, belediye personelinin canla ba\u015fla \u00e7al\u0131\u015ft\u0131\u011f\u0131n\u0131 belirterek, te\u015fekk\u00fcr\u00fc belediye personeli sayesinde ald\u0131klar\u0131n\u0131 s\u00f6yledi. Ba\u015fkan Ba\u015fde\u011firmen, &#8220;Amac\u0131m\u0131z daha yak\u0131n bir mesafe i\u00e7erisinde sizlerle beraber olup konu\u015fabilmek, varsa sorunlar bunlar\u0131 sizlerle payla\u015fmak veya \u00f6nerilerinizle beraber Isparta\u2019m\u0131za daha g\u00fczel hizmetler yapabilmek. Bizler sizlerle beraber bir mesai arkada\u015f\u0131 olarak \u00e7al\u0131\u015f\u0131yoruz. Ben bir ba\u015fkan olarak, di\u011fer arkada\u015flar\u0131m\u0131z bulunduklar\u0131 g\u00f6revlerle, sizler de bulundu\u011funuz g\u00f6revlerle ald\u0131\u011f\u0131m\u0131z g\u00f6revi en iyi \u015fekilde yap\u0131p vazifemizi yerine getirmek durumunday\u0131z. Bizim amac\u0131m\u0131z budur. Hepinizden Allah raz\u0131 olsun. Canla ba\u015fla bir m\u00fccadele i\u00e7erisindesiniz. \u00c7ok g\u00fczel hizmetler yap\u0131yorsunuz. \u00c7\u00fcnk\u00fc bize gelen WhatsApp yaz\u0131lar\u0131nda, telefonlarda veya \u00e7ar\u015f\u0131da g\u00f6rd\u00fc\u011f\u00fcm\u00fcz bir vatanda\u015f\u0131n konu\u015fmas\u0131nda b\u00fct\u00fcn belediye hizmetlerimizden te\u015fekk\u00fcrler al\u0131yoruz. O te\u015fekk\u00fcrler bize sizin sayenizde geliyor. Ben bu anlamda t\u00fcm arkada\u015flar\u0131ma g\u00f6n\u00fclden te\u015fekk\u00fcr ediyorum. Hepinizden Allah raz\u0131 olsun&#8221; dedi.<\/p>\n<p>&#8220;G\u00f6ldeki dip dalganmas\u0131 nedeniyle i\u00e7me suyunda ya\u015fanan bulan\u0131kl\u0131k y\u0131llard\u0131r var&#8221;<br \/>\n<br \/>Ba\u015fkan Ba\u015fde\u011firmen Isparta\u2019n\u0131n i\u00e7me suyundaki bulan\u0131kl\u0131kla ilgili de konu\u015ftu. G\u00f6l i\u00e7erisinde dip dalgalanmas\u0131 nedeniyle suyun bulan\u0131kla\u015ft\u0131\u011f\u0131n\u0131 belirten Ba\u015fkan Ba\u015fde\u011firmen, bu durumun E\u011firdir G\u00f6l\u00fc\u2019nden i\u00e7me suyunun al\u0131nd\u0131\u011f\u0131 ilk y\u0131llardan beri ya\u015fand\u0131\u011f\u0131n\u0131 s\u00f6yledi. Ba\u015fkan Ba\u015fde\u011firmen, &#8220;Vatanda\u015flar\u0131m\u0131z bug\u00fcne kadar hi\u00e7bir su konusunda s\u0131k\u0131nt\u0131 ya\u015famad\u0131lar. Ta ki su bulan\u0131kla\u015fana kadar. E\u011firdir\u2019den ald\u0131\u011f\u0131m\u0131z suda dip dalgalanmas\u0131 oldu\u011fu zaman bulan\u0131kl\u0131k Isparta\u2019ya geliyor. Bu bug\u00fcn m\u00fc oluyor? 5 y\u0131l \u00f6nceden beri mi oluyor? 10 y\u0131l \u00f6nceden beri mi oluyor? Biz E\u011firdir\u2019den su almaya ba\u015flad\u0131\u011f\u0131m\u0131z 35 y\u0131l \u00f6ncesinden beri dip dalgalanmas\u0131 oldu\u011fu zaman bu su bulan\u0131yor ve \u015febekeye geliyor. \u0130la\u00e7layarak \u015febekelere veriyoruz. Bunu y\u0131llard\u0131r ya\u015f\u0131yoruz. Ama sanki daha d\u00fcn olmu\u015f gibi ilk seferiymi\u015f gibi feryat figanla bir \u015feyler s\u00f6yleniyor. Kurakl\u0131\u011f\u0131 ya\u015fad\u0131\u011f\u0131m\u0131z\u0131 herkes g\u00f6r\u00fcyor. Bug\u00fcn \u00fclkenin kurakl\u0131kla alakal\u0131 \u00e7ok b\u00fcy\u00fck bir sorunu var. \u00dclkemizde 51 ilde \u015fu anda su kesintileri ya\u015fan\u0131yor. Baz\u0131 g\u00fcnler veriliyor, baz\u0131 g\u00fcnler verilmiyor. Isparta\u2019da bunu ya\u015fad\u0131k m\u0131 hi\u00e7? 10 dakika bile kesinti yap\u0131yoruz dedik mi, demedik. Suyumuz musluktan ak\u0131yor. Biz onu ar\u0131t\u0131yoruz, ila\u00e7l\u0131yoruz, veriyoruz. Sa\u011fl\u0131k anlam\u0131nda da s\u0131k\u0131nt\u0131s\u0131 yok. Bulan\u0131kl\u0131k biraz var. \u0130steyen i\u00e7ebiliyor, isteyen farkl\u0131 \u015feylerde kullan\u0131yor. Ama biz en az\u0131ndan bug\u00fcnk\u00fc zorluklar i\u00e7erisinde \u00fclkemizin en iyi illerinden biri oldu\u011fumuzu s\u00f6ylemeye \u00e7al\u0131\u015f\u0131yoruz. Musluklar\u0131m\u0131zdan su ak\u0131yor, \u015febekelerimize su eksilmiyor. Her t\u00fcrl\u00fc s\u0131k\u0131nt\u0131ya ra\u011fmen bunlar\u0131 gidermek i\u00e7in elimizden gelen en \u00fcst gayreti g\u00f6steriyoruz. Vatanda\u015flar\u0131m\u0131zdan sadece tasarruf etmelerini ve sab\u0131rla davranmalar\u0131n\u0131 rica ediyoruz&#8221; dedi.<\/p>\n<p>&#8220;Yeni i\u00e7me suyu ar\u0131tma tesisi projesi 2026 y\u0131l\u0131 yat\u0131r\u0131m program\u0131na al\u0131nd\u0131&#8221;<br \/>\n<br \/>Isparta\u2019n\u0131n i\u00e7me suyunu daha kaliteli hale getirmek i\u00e7in i\u00e7me suyu ar\u0131tma tesisinin yenilenece\u011fini ve projenin 2026 y\u0131l\u0131 yat\u0131r\u0131m program\u0131na al\u0131nd\u0131\u011f\u0131n\u0131 belirten Ba\u015fkan Ba\u015fde\u011firmen, projeye bu y\u0131l i\u00e7inde ba\u015flanaca\u011f\u0131n\u0131 s\u00f6yledi. Ba\u015fkan Ba\u015fde\u011firmen, &#8220;Bulan\u0131kl\u0131\u011f\u0131 a\u015fmak i\u00e7in i\u00e7me suyu ar\u0131tma tesisimizin yenilenmesi gerekiyordu. S\u0131ra ona geldi. Haz\u0131rlad\u0131\u011f\u0131m\u0131z proje Devlet Su \u0130\u015fleri\u2019yle i\u015f birli\u011fi i\u00e7erisinde Cumhurba\u015fkanl\u0131\u011f\u0131 Strateji Ba\u015fkanl\u0131\u011f\u0131\u2019na sunuldu ve 2026 y\u0131l\u0131 yat\u0131r\u0131m program\u0131na al\u0131nd\u0131. 1 milyar 400 milyon art\u0131 KDV bedelle Isparta\u2019n\u0131n i\u00e7me suyu ar\u0131tma tesisi programa al\u0131nm\u0131\u015f oldu. Allah\u2019tan bir mani olmazsa bu y\u0131l in\u015faat\u0131na ba\u015flay\u0131p b\u00fcy\u00fck bir k\u0131sm\u0131n\u0131 tamamlamay\u0131 hedefliyoruz. Amac\u0131m\u0131z \u015fehrimize verilen suyun p\u0131r\u0131l p\u0131r\u0131l olmas\u0131d\u0131r. Say\u0131n bakan\u0131m\u0131za, genel m\u00fcd\u00fcr\u00fcm\u00fcze ve genel m\u00fcd\u00fcr yard\u0131mc\u0131lar\u0131m\u0131za ve DS\u0130 Isparta B\u00f6lge M\u00fcd\u00fcr\u00fcm\u00fcz Osman Erkan beye \u00e7ok te\u015fekk\u00fcr ediyorum. Ayr\u0131ca Aksu\u2019dan E\u011firdir\u2019e gelen 42 milyon metrek\u00fcp suyun 12 milyon metrek\u00fcp\u00fcn\u00fc g\u00f6le d\u00f6k\u00fclmeden Isparta\u2019ya kazand\u0131racak projelerimiz de kabul edildi. B\u00f6ylece suyumuz do\u011frudan \u015febekeye verilecek ve 35 y\u0131ld\u0131r ya\u015fad\u0131\u011f\u0131m\u0131z bulan\u0131kl\u0131k tarihe kar\u0131\u015facak&#8221; diye konu\u015ftu.<\/p>\n<p>&#8220;G\u00f6lc\u00fck b\u00f6lgesinde i\u00e7me suyu arama \u00e7al\u0131\u015fmalar\u0131n\u0131 ba\u015flat\u0131yoruz&#8221;<br \/>\n<br \/>Belediye Ba\u015fkan\u0131 \u015e\u00fckr\u00fc Ba\u015fde\u011firmen, Dar\u0131deresi 1, Dar\u0131deresi 2 ve G\u00f6lc\u00fck\u2019teki i\u00e7me suyu \u00e7al\u0131\u015fmalar\u0131yla ilgili de bilgi verdi. Ba\u015fkan Ba\u015fde\u011firmen, &#8220;Dar\u0131deresi 1 ve Dar\u0131deresi 2 barajlar\u0131m\u0131z var. 2025 y\u0131l\u0131nda Dar\u0131deresi 1 baraj\u0131m\u0131zdan 2 ay su kulland\u0131k. Dar\u0131deresi 1 baraj\u0131m\u0131zda suyun doluluk oran\u0131 y\u00fczde 100 oldu\u011funda E\u011firdir G\u00f6l\u00fc\u2019nden su almay\u0131 kesiyoruz. \u015eimdi ise Dar\u0131deresi 2 baraj\u0131m\u0131z da su tutmaya ba\u015flad\u0131. \u015eu anda 3\u2019te 1\u2019i dolu. \u0130n\u015fallah hep dua ediyoruz rabbimize in\u015fallah kar verir diye. E\u011fer Dar\u0131deresi 2 baraj\u0131m\u0131z da dolarsa hem Dar\u0131deresi 1 hem de Dar\u0131deresi 2 baraj\u0131m\u0131zda 12 milyon metrek\u00fcp haz\u0131rda suyumuz olacak. B\u00f6ylelikle biz su konusunda \u015fehrimizi garanti alt\u0131na alm\u0131\u015f oluyoruz. Onun d\u0131\u015f\u0131nda Milli Parklar Genel M\u00fcd\u00fcrl\u00fc\u011f\u00fc\u2019nden G\u00f6lc\u00fck b\u00f6lgesinde yeni bir i\u00e7me suyu projesi ile ilgili istedi\u011fimiz izni ge\u00e7ti\u011fimiz hafta ald\u0131k. Makinelerimizi y\u00f6nlendiriyoruz. G\u00f6lc\u00fck b\u00f6lgesinde i\u00e7me suyu arama \u00e7al\u0131\u015fmalar\u0131m\u0131z ba\u015fl\u0131yor. Oradan da iyi bir su alaca\u011f\u0131m\u0131za inan\u0131yorum.  81 il i\u00e7erisinde en son su s\u0131k\u0131nt\u0131s\u0131 \u00e7ekecek il Isparta&#8221; ifadelerine yer verdi.<br \/>\n<br \/>Daha sonra Belediye Ba\u015fkan\u0131 \u015e\u00fckr\u00fc Ba\u015fde\u011firmen ve e\u015fi \u015eadiye Ba\u015fde\u011firmen, personel \u00e7ocuklar\u0131na futbol topu ve Ispartaspor formas\u0131 hediye etti. Bulu\u015fma hat\u0131ra foto\u011fraf\u0131 \u00e7ekimiyle sona erdi.<br \/><\/p>\n","protected":false},"excerpt":{"rendered":"<p>Isparta Belediye Ba\u015fkan\u0131 \u015e\u00fckr\u00fc Ba\u015fd\u011feirmen, belediye b\u00fcnyesindeki \u0130klim De\u011fi\u015fikli\u011fi ve S\u0131f\u0131r At\u0131k M\u00fcd\u00fcrl\u00fc\u011f\u00fc, Ula\u015f\u0131m Hizmetleri M\u00fcd\u00fcrl\u00fc\u011f\u00fc ile Su ve Kanalizasyon \u0130\u015fleri M\u00fcd\u00fcrl\u00fc\u011f\u00fc personeline y\u00f6nelik d\u00fczenledi\u011fi yemek program\u0131nda kentteki su ve alt yap\u0131 yat\u0131r\u0131mlar\u0131 ba\u015fta olmak \u00fczere belediyenin y\u00fcr\u00fctt\u00fc\u011f\u00fc hizmetler hakk\u0131nda \u00f6nemli a\u00e7\u0131klamalarda bulundu. \u0130\u00e7me suyu ar\u0131tma tesisi projesinin yat\u0131r\u0131m program\u0131na al\u0131nd\u0131\u011f\u0131n\u0131 belirten Ba\u015fkan Ba\u015fde\u011firmen, &#8220;1,4&#8230;<\/p>\n","protected":false},"author":1,"featured_media":82788,"comment_status":"open","ping_status":"open","sticky":false,"template":"","format":"standard","meta":{"_crdt_document":"","footnotes":""},"categories":[1],"tags":[],"class_list":["post-82787","post","type-post","status-publish","format-standard","has-post-thumbnail","hentry","category-guncel"],"_links":{"self":[{"href":"https:\/\/www.egemtv.com\/index.php?rest_route=\/wp\/v2\/posts\/82787","targetHints":{"allow":["GET"]}}],"collection":[{"href":"https:\/\/www.egemtv.com\/index.php?rest_route=\/wp\/v2\/posts"}],"about":[{"href":"https:\/\/www.egemtv.com\/index.php?rest_route=\/wp\/v2\/types\/post"}],"author":[{"embeddable":true,"href":"https:\/\/www.egemtv.com\/index.php?rest_route=\/wp\/v2\/users\/1"}],"replies":[{"embeddable":true,"href":"https:\/\/www.egemtv.com\/index.php?rest_route=%2Fwp%2Fv2%2Fcomments&post=82787"}],"version-history":[{"count":1,"href":"https:\/\/www.egemtv.com\/index.php?rest_route=\/wp\/v2\/posts\/82787\/revisions"}],"predecessor-version":[{"id":82789,"href":"https:\/\/www.egemtv.com\/index.php?rest_route=\/wp\/v2\/posts\/82787\/revisions\/82789"}],"wp:featuredmedia":[{"embeddable":true,"href":"https:\/\/www.egemtv.com\/index.php?rest_route=\/wp\/v2\/media\/82788"}],"wp:attachment":[{"href":"https:\/\/www.egemtv.com\/index.php?rest_route=%2Fwp%2Fv2%2Fmedia&parent=82787"}],"wp:term":[{"taxonomy":"category","embeddable":true,"href":"https:\/\/www.egemtv.com\/index.php?rest_route=%2Fwp%2Fv2%2Fcategories&post=82787"},{"taxonomy":"post_tag","embeddable":true,"href":"https:\/\/www.egemtv.com\/index.php?rest_route=%2Fwp%2Fv2%2Ftags&post=82787"}],"curies":[{"name":"wp","href":"https:\/\/api.w.org\/{rel}","templated":true}]}}