{"id":82784,"date":"2026-01-24T14:36:31","date_gmt":"2026-01-24T11:36:31","guid":{"rendered":"https:\/\/www.egemtv.com\/?p=82784"},"modified":"2026-01-24T14:36:32","modified_gmt":"2026-01-24T11:36:32","slug":"gida-isletmelerine-yonelik-denetim-3","status":"publish","type":"post","link":"https:\/\/www.egemtv.com\/?p=82784","title":{"rendered":"G\u0131da i\u015fletmelerine y\u00f6nelik denetim"},"content":{"rendered":"<p>Afyonkarahisar Tar\u0131m ve Orman \u0130l M\u00fcd\u00fcrl\u00fc\u011f\u00fc taraf\u0131ndan kentteki g\u0131da \u00fcretim ve sat\u0131\u015f yapan i\u015fletmelere y\u00f6nelik denetim ger\u00e7ekle\u015ftirildi.<br \/>\n<br \/>Ger\u00e7ekle\u015ftirilen denetimlerle ilgili kurumdan yap\u0131lan yaz\u0131l\u0131 a\u00e7\u0131klamada, &#8220;\u0130l m\u00fcd\u00fcrl\u00fc\u011f\u00fcm\u00fcz g\u0131da kontrol g\u00f6revlileri taraf\u0131ndan t\u00fcketici sa\u011fl\u0131\u011f\u0131n\u0131n korunmas\u0131 ve g\u00fcvenilir g\u0131da arz\u0131n\u0131n sa\u011flanmas\u0131 amac\u0131yla il genelinde g\u0131da sat\u0131\u015f noktalar\u0131na y\u00f6nelik denetimler aral\u0131ks\u0131z devam ediyor.<br \/>\n<br \/>Y\u00fcr\u00fct\u00fclen resmi kontroller \u00e7er\u00e7evesinde 20\u2019ye yak\u0131n market, bakkal, b\u00fcfe ve benzeri i\u015fletmelerde sat\u0131\u015fa sunulan g\u0131dalar\u0131n etiket bilgileri, son t\u00fcketim tarihleri, uygun muhafaza \u015fartlar\u0131 ile i\u015fletmelerin genel hijyen durumu titizlikle kontrol edildi ifadelerine yer verildi.<br \/><\/p>\n","protected":false},"excerpt":{"rendered":"<p>Afyonkarahisar Tar\u0131m ve Orman \u0130l M\u00fcd\u00fcrl\u00fc\u011f\u00fc taraf\u0131ndan kentteki g\u0131da \u00fcretim ve sat\u0131\u015f yapan i\u015fletmelere y\u00f6nelik denetim ger\u00e7ekle\u015ftirildi. Ger\u00e7ekle\u015ftirilen denetimlerle ilgili kurumdan yap\u0131lan yaz\u0131l\u0131 a\u00e7\u0131klamada, &#8220;\u0130l m\u00fcd\u00fcrl\u00fc\u011f\u00fcm\u00fcz g\u0131da kontrol g\u00f6revlileri taraf\u0131ndan t\u00fcketici sa\u011fl\u0131\u011f\u0131n\u0131n korunmas\u0131 ve g\u00fcvenilir g\u0131da arz\u0131n\u0131n sa\u011flanmas\u0131 amac\u0131yla il genelinde g\u0131da sat\u0131\u015f noktalar\u0131na y\u00f6nelik denetimler aral\u0131ks\u0131z devam ediyor. Y\u00fcr\u00fct\u00fclen resmi kontroller \u00e7er\u00e7evesinde 20\u2019ye yak\u0131n&#8230;<\/p>\n","protected":false},"author":1,"featured_media":82785,"comment_status":"open","ping_status":"open","sticky":false,"template":"","format":"standard","meta":{"_crdt_document":"","footnotes":""},"categories":[1],"tags":[],"class_list":["post-82784","post","type-post","status-publish","format-standard","has-post-thumbnail","hentry","category-guncel"],"_links":{"self":[{"href":"https:\/\/www.egemtv.com\/index.php?rest_route=\/wp\/v2\/posts\/82784","targetHints":{"allow":["GET"]}}],"collection":[{"href":"https:\/\/www.egemtv.com\/index.php?rest_route=\/wp\/v2\/posts"}],"about":[{"href":"https:\/\/www.egemtv.com\/index.php?rest_route=\/wp\/v2\/types\/post"}],"author":[{"embeddable":true,"href":"https:\/\/www.egemtv.com\/index.php?rest_route=\/wp\/v2\/users\/1"}],"replies":[{"embeddable":true,"href":"https:\/\/www.egemtv.com\/index.php?rest_route=%2Fwp%2Fv2%2Fcomments&post=82784"}],"version-history":[{"count":1,"href":"https:\/\/www.egemtv.com\/index.php?rest_route=\/wp\/v2\/posts\/82784\/revisions"}],"predecessor-version":[{"id":82786,"href":"https:\/\/www.egemtv.com\/index.php?rest_route=\/wp\/v2\/posts\/82784\/revisions\/82786"}],"wp:featuredmedia":[{"embeddable":true,"href":"https:\/\/www.egemtv.com\/index.php?rest_route=\/wp\/v2\/media\/82785"}],"wp:attachment":[{"href":"https:\/\/www.egemtv.com\/index.php?rest_route=%2Fwp%2Fv2%2Fmedia&parent=82784"}],"wp:term":[{"taxonomy":"category","embeddable":true,"href":"https:\/\/www.egemtv.com\/index.php?rest_route=%2Fwp%2Fv2%2Fcategories&post=82784"},{"taxonomy":"post_tag","embeddable":true,"href":"https:\/\/www.egemtv.com\/index.php?rest_route=%2Fwp%2Fv2%2Ftags&post=82784"}],"curies":[{"name":"wp","href":"https:\/\/api.w.org\/{rel}","templated":true}]}}