{"id":82781,"date":"2026-01-24T14:36:30","date_gmt":"2026-01-24T11:36:30","guid":{"rendered":"https:\/\/www.egemtv.com\/?p=82781"},"modified":"2026-01-24T14:36:31","modified_gmt":"2026-01-24T11:36:31","slug":"cumhurbaskani-erdogan-aydinda-develerle-karsilanacak","status":"publish","type":"post","link":"https:\/\/www.egemtv.com\/?p=82781","title":{"rendered":"Cumhurba\u015fkan\u0131 Erdo\u011fan, Ayd\u0131n\u2019da develerle kar\u015f\u0131lanacak"},"content":{"rendered":"<p>\u0130ncirliova Belediye Ba\u015fkan\u0131 Aytekin Kaya, Cumhurba\u015fkan\u0131 Recep Tayyip Erdo\u011fan\u2019\u0131n Ayd\u0131n\u2019da yapaca\u011f\u0131 toplu a\u00e7\u0131l\u0131\u015f t\u00f6ren alan\u0131na develer e\u015fli\u011finde kalabal\u0131k bir grup ile geldi.<br \/>\n<br \/>Cumhurba\u015fkan\u0131 Recep Tayyip Erdo\u011fan, Ayd\u0131n\u2019da ba\u015fta \u015eehir Hastanesi olmak \u00fczere toplu a\u00e7\u0131l\u0131\u015f t\u00f6reni ger\u00e7ekle\u015ftirecek. Atat\u00fcrk Kent Meydan\u0131nda yap\u0131lacak olan y\u0131l\u0131n ilk a\u00e7\u0131l\u0131\u015f t\u00f6renine kat\u0131lmak i\u00e7in \u015fehrin d\u00f6rt bir yan\u0131ndan vatanda\u015flar gelmeye ba\u015flad\u0131. \u0130ncirliova Belediye Ba\u015fkan\u0131 Aytekin Kaya, Cumhurba\u015fkan\u0131 Erdo\u011fan\u2019\u0131n toplu a\u00e7\u0131l\u0131\u015f yapaca\u011f\u0131 t\u00f6ren alan\u0131na develer e\u015fli\u011finde kalabal\u0131k bir grup ile geldi. Adnan Menderes Bulvar\u0131nda develer e\u015fli\u011finde miting alan\u0131na gelen Ba\u015fkan Kaya, vatanda\u015flardan tam not ald\u0131. Ba\u015fkan Kaya, &#8220;2026 y\u0131l\u0131n\u0131n ilk ziyaretini Cumhurba\u015fkan\u0131m\u0131z Ayd\u0131n\u2019a yap\u0131yor. Cumhur \u0130ttifak\u0131 \u0130ncirliova olarak tam kadro bu programa kat\u0131l\u0131yoruz. Partili partisiz herkes burada. Develerle geldik. \u0130n\u015fallah Cumhurba\u015fkan\u0131m\u0131z\u0131 g\u00fczel bir \u015fekilde kar\u015f\u0131layaca\u011f\u0131z. Develer bizim Ayd\u0131n\u2019\u0131n en b\u00fcy\u00fck k\u00fclt\u00fcr\u00fc. Devecilerin sesini duyurmak istedim. Kendimizi anlataca\u011f\u0131z. \u0130n\u015fallah g\u00fczel haberlerle d\u00f6nece\u011fiz. Ayd\u0131n\u2019a yap\u0131lan hizmetler i\u00e7in te\u015fekk\u00fcr ederiz&#8221; dedi.<br \/><\/p>\n","protected":false},"excerpt":{"rendered":"<p>\u0130ncirliova Belediye Ba\u015fkan\u0131 Aytekin Kaya, Cumhurba\u015fkan\u0131 Recep Tayyip Erdo\u011fan\u2019\u0131n Ayd\u0131n\u2019da yapaca\u011f\u0131 toplu a\u00e7\u0131l\u0131\u015f t\u00f6ren alan\u0131na develer e\u015fli\u011finde kalabal\u0131k bir grup ile geldi. Cumhurba\u015fkan\u0131 Recep Tayyip Erdo\u011fan, Ayd\u0131n\u2019da ba\u015fta \u015eehir Hastanesi olmak \u00fczere toplu a\u00e7\u0131l\u0131\u015f t\u00f6reni ger\u00e7ekle\u015ftirecek. Atat\u00fcrk Kent Meydan\u0131nda yap\u0131lacak olan y\u0131l\u0131n ilk a\u00e7\u0131l\u0131\u015f t\u00f6renine kat\u0131lmak i\u00e7in \u015fehrin d\u00f6rt bir yan\u0131ndan vatanda\u015flar gelmeye ba\u015flad\u0131. \u0130ncirliova&#8230;<\/p>\n","protected":false},"author":1,"featured_media":82782,"comment_status":"open","ping_status":"open","sticky":false,"template":"","format":"standard","meta":{"_crdt_document":"","footnotes":""},"categories":[1],"tags":[],"class_list":["post-82781","post","type-post","status-publish","format-standard","has-post-thumbnail","hentry","category-guncel"],"_links":{"self":[{"href":"https:\/\/www.egemtv.com\/index.php?rest_route=\/wp\/v2\/posts\/82781","targetHints":{"allow":["GET"]}}],"collection":[{"href":"https:\/\/www.egemtv.com\/index.php?rest_route=\/wp\/v2\/posts"}],"about":[{"href":"https:\/\/www.egemtv.com\/index.php?rest_route=\/wp\/v2\/types\/post"}],"author":[{"embeddable":true,"href":"https:\/\/www.egemtv.com\/index.php?rest_route=\/wp\/v2\/users\/1"}],"replies":[{"embeddable":true,"href":"https:\/\/www.egemtv.com\/index.php?rest_route=%2Fwp%2Fv2%2Fcomments&post=82781"}],"version-history":[{"count":1,"href":"https:\/\/www.egemtv.com\/index.php?rest_route=\/wp\/v2\/posts\/82781\/revisions"}],"predecessor-version":[{"id":82783,"href":"https:\/\/www.egemtv.com\/index.php?rest_route=\/wp\/v2\/posts\/82781\/revisions\/82783"}],"wp:featuredmedia":[{"embeddable":true,"href":"https:\/\/www.egemtv.com\/index.php?rest_route=\/wp\/v2\/media\/82782"}],"wp:attachment":[{"href":"https:\/\/www.egemtv.com\/index.php?rest_route=%2Fwp%2Fv2%2Fmedia&parent=82781"}],"wp:term":[{"taxonomy":"category","embeddable":true,"href":"https:\/\/www.egemtv.com\/index.php?rest_route=%2Fwp%2Fv2%2Fcategories&post=82781"},{"taxonomy":"post_tag","embeddable":true,"href":"https:\/\/www.egemtv.com\/index.php?rest_route=%2Fwp%2Fv2%2Ftags&post=82781"}],"curies":[{"name":"wp","href":"https:\/\/api.w.org\/{rel}","templated":true}]}}