{"id":82778,"date":"2026-01-24T13:54:59","date_gmt":"2026-01-24T10:54:59","guid":{"rendered":"https:\/\/www.egemtv.com\/?p=82778"},"modified":"2026-01-24T13:55:00","modified_gmt":"2026-01-24T10:55:00","slug":"otomobil-sarampole-yuvarlandi-banglades-uyruklu-ayni-aileden-1-kisi-oldu-3-kisi-yaralandi","status":"publish","type":"post","link":"https:\/\/www.egemtv.com\/?p=82778","title":{"rendered":"Otomobil \u015farampole yuvarland\u0131: Banglade\u015f uyruklu ayn\u0131 aileden 1 ki\u015fi \u00f6ld\u00fc, 3 ki\u015fi yaraland\u0131"},"content":{"rendered":"<p>Isparta\u2019n\u0131n Yalva\u00e7 il\u00e7esinde s\u00fcr\u00fcc\u00fcs\u00fcn\u00fcn kontrol\u00fcn\u00fc kaybetti\u011fi otomobil \u015farampole yuvarlanarak kavak a\u011fac\u0131na \u00e7arpt\u0131. Kazada ayn\u0131 aileden 1 ki\u015fi ya\u015fam\u0131n\u0131 yitirirken, 3 ki\u015fi yaraland\u0131.<br \/>\n<br \/>Kaza, sabah saatlerinde Yalva\u00e7 il\u00e7esine ba\u011fl\u0131 \u00c7etince k\u00f6y\u00fc A\u015fa\u011f\u0131 Ova mevkiinde, Isparta\u2013Konya D-330 karayolunda meydana geldi. Edinilen bilgilere g\u00f6re, Banglade\u015f konsoloslu\u011funda \u00e7al\u0131\u015fan Banglade\u015f uyruklu S.H. (39) idaresindeki 06 MD 0353 plakal\u0131 Skoda marka otomobil, s\u00fcr\u00fcc\u00fcs\u00fcn\u00fcn direksiyon hakimiyetini kaybetmesi sonucu kontrolden \u00e7\u0131karak \u015farampole yuvarland\u0131 ve yakla\u015f\u0131k 15 metre a\u015fa\u011f\u0131da bulunan kavak a\u011fac\u0131na \u00e7arparak durabildi. Kazay\u0131 g\u00f6renlerin ihbar\u0131 \u00fczerine olay yerine sa\u011fl\u0131k, itfaiye ve jandarma ekipleri sevk edildi. Ara\u00e7ta s\u0131k\u0131\u015fan s\u00fcr\u00fcc\u00fc S.H. (39) ile \u00e7ocuklar\u0131 S.J. (11) ve A.T. (6) itfaiye ekipleri taraf\u0131ndan sa\u011f olarak kurtar\u0131l\u0131rken, yolcu Nusrat Jahan (37) olay yerinde hayat\u0131n\u0131 kaybetti. Yaral\u0131lar, sa\u011fl\u0131k ekiplerinin ilk m\u00fcdahalesinin ard\u0131ndan ambulansla Yalva\u00e7 Devlet Hastanesine kald\u0131r\u0131ld\u0131. Buradaki m\u00fcdahalelerinin ard\u0131ndan yaral\u0131 \u00fc\u00e7 ki\u015fi Isparta \u015eehir Hastanesine sevk edildi.  Savc\u0131l\u0131k incelemesinin ard\u0131ndan hayat\u0131n\u0131 kaybeden kad\u0131n yolcunun cenazesi, cenaze nakil arac\u0131yla Yalva\u00e7 Devlet Hastanesi morguna g\u00f6t\u00fcr\u00fcld\u00fc. Kazaya kar\u0131\u015fan ara\u00e7 ise kurtar\u0131c\u0131 yard\u0131m\u0131yla bulundu\u011fu yerden \u00e7\u0131kar\u0131larak yediemin otopark\u0131na \u00e7ekildi.<br \/><\/p>\n","protected":false},"excerpt":{"rendered":"<p>Isparta\u2019n\u0131n Yalva\u00e7 il\u00e7esinde s\u00fcr\u00fcc\u00fcs\u00fcn\u00fcn kontrol\u00fcn\u00fc kaybetti\u011fi otomobil \u015farampole yuvarlanarak kavak a\u011fac\u0131na \u00e7arpt\u0131. Kazada ayn\u0131 aileden 1 ki\u015fi ya\u015fam\u0131n\u0131 yitirirken, 3 ki\u015fi yaraland\u0131. Kaza, sabah saatlerinde Yalva\u00e7 il\u00e7esine ba\u011fl\u0131 \u00c7etince k\u00f6y\u00fc A\u015fa\u011f\u0131 Ova mevkiinde, Isparta\u2013Konya D-330 karayolunda meydana geldi. Edinilen bilgilere g\u00f6re, Banglade\u015f konsoloslu\u011funda \u00e7al\u0131\u015fan Banglade\u015f uyruklu S.H. (39) idaresindeki 06 MD 0353 plakal\u0131 Skoda marka&#8230;<\/p>\n","protected":false},"author":1,"featured_media":82779,"comment_status":"open","ping_status":"open","sticky":false,"template":"","format":"standard","meta":{"_crdt_document":"","footnotes":""},"categories":[5],"tags":[],"class_list":["post-82778","post","type-post","status-publish","format-standard","has-post-thumbnail","hentry","category-asayis"],"_links":{"self":[{"href":"https:\/\/www.egemtv.com\/index.php?rest_route=\/wp\/v2\/posts\/82778","targetHints":{"allow":["GET"]}}],"collection":[{"href":"https:\/\/www.egemtv.com\/index.php?rest_route=\/wp\/v2\/posts"}],"about":[{"href":"https:\/\/www.egemtv.com\/index.php?rest_route=\/wp\/v2\/types\/post"}],"author":[{"embeddable":true,"href":"https:\/\/www.egemtv.com\/index.php?rest_route=\/wp\/v2\/users\/1"}],"replies":[{"embeddable":true,"href":"https:\/\/www.egemtv.com\/index.php?rest_route=%2Fwp%2Fv2%2Fcomments&post=82778"}],"version-history":[{"count":1,"href":"https:\/\/www.egemtv.com\/index.php?rest_route=\/wp\/v2\/posts\/82778\/revisions"}],"predecessor-version":[{"id":82780,"href":"https:\/\/www.egemtv.com\/index.php?rest_route=\/wp\/v2\/posts\/82778\/revisions\/82780"}],"wp:featuredmedia":[{"embeddable":true,"href":"https:\/\/www.egemtv.com\/index.php?rest_route=\/wp\/v2\/media\/82779"}],"wp:attachment":[{"href":"https:\/\/www.egemtv.com\/index.php?rest_route=%2Fwp%2Fv2%2Fmedia&parent=82778"}],"wp:term":[{"taxonomy":"category","embeddable":true,"href":"https:\/\/www.egemtv.com\/index.php?rest_route=%2Fwp%2Fv2%2Fcategories&post=82778"},{"taxonomy":"post_tag","embeddable":true,"href":"https:\/\/www.egemtv.com\/index.php?rest_route=%2Fwp%2Fv2%2Ftags&post=82778"}],"curies":[{"name":"wp","href":"https:\/\/api.w.org\/{rel}","templated":true}]}}