{"id":82775,"date":"2026-01-24T13:17:14","date_gmt":"2026-01-24T10:17:14","guid":{"rendered":"https:\/\/www.egemtv.com\/?p=82775"},"modified":"2026-01-24T13:17:15","modified_gmt":"2026-01-24T10:17:15","slug":"mhp-aydinda-bayrak-degisimi","status":"publish","type":"post","link":"https:\/\/www.egemtv.com\/?p=82775","title":{"rendered":"MHP Ayd\u0131n\u2019da bayrak de\u011fi\u015fimi"},"content":{"rendered":"<p>Milliyet\u00e7i Hareket Partisi (MHP) Ayd\u0131n \u0130l Ba\u015fkanl\u0131\u011f\u0131\u2019na Osmangazi Cihangiro\u011flu atan\u0131rken, bayra\u011f\u0131 devreden eski \u0130l Ba\u015fkan\u0131 Haluk Al\u0131c\u0131k; &#8220;\u0130l ba\u015fkan\u0131m\u0131z\u0131n her zaman yan\u0131nday\u0131z&#8221; dedi.<br \/>\n<br \/>Milliyet\u00e7i Hareket Partisi (MHP) Ayd\u0131n \u0130l Ba\u015fkan\u0131 Haluk Al\u0131c\u0131k\u2019\u0131n, K\u0131br\u0131s\u2019ta \u00e7ekildi\u011fi \u00f6ne s\u00fcr\u00fclen foto\u011fraf\u0131n\u0131n bas\u0131nda payla\u015f\u0131lmas\u0131n\u0131n ard\u0131ndan istifa etti\u011fini a\u00e7\u0131klamas\u0131yla, bo\u015f kalan koltu\u011fa gelecek isim belli oldu. Al\u0131c\u0131k\u2019\u0131n istifas\u0131n\u0131n ard\u0131ndan MHP Genel Merkezi taraf\u0131ndan Ayd\u0131n \u0130l Ba\u015fkanl\u0131\u011f\u0131\u2019na Osmangazi Cihangiro\u011flu atand\u0131.<br \/>\n<br \/>Konu ile ilgili MHP Ayd\u0131n \u0130l Ba\u015fkanl\u0131\u011f\u0131\u2019ndan yap\u0131lan a\u00e7\u0131klamada &#8220;MHP Genel Ba\u015fkan\u0131m\u0131z Dr. Devlet Bah\u00e7eli beyefendinin takdirleriyle Osman Gazi Cihangiro\u011flu, MHP Ayd\u0131n \u0130l Ba\u015fkanl\u0131\u011f\u0131\u2019na atanm\u0131\u015ft\u0131r. Ayd\u0131n kentimize camiam\u0131za hay\u0131rl\u0131 olsun&#8221; ifadeleri yer ald\u0131.<br \/>\n<br \/>Ataman\u0131n ard\u0131ndan sosyal medya hesab\u0131ndan payla\u015f\u0131m yapan Haluk Al\u0131c\u0131k ise &#8220;De\u011ferli arkada\u015flar\u0131m, MHP Ayd\u0131n \u0130l Ba\u015fkanl\u0131\u011f\u0131m\u0131za karde\u015fimiz, evlad\u0131m\u0131z Osman Gazi Cihangiro\u011flu atanm\u0131\u015ft\u0131r. T\u00fcm Ayd\u0131n te\u015fkilat\u0131m\u0131za hay\u0131rl\u0131 u\u011furlu olsun. \u0130l ba\u015fkan\u0131m\u0131z\u0131n her zaman yan\u0131nday\u0131z. Ba\u015far\u0131lar dilerim&#8221; dedi.<br \/><\/p>\n","protected":false},"excerpt":{"rendered":"<p>Milliyet\u00e7i Hareket Partisi (MHP) Ayd\u0131n \u0130l Ba\u015fkanl\u0131\u011f\u0131\u2019na Osmangazi Cihangiro\u011flu atan\u0131rken, bayra\u011f\u0131 devreden eski \u0130l Ba\u015fkan\u0131 Haluk Al\u0131c\u0131k; &#8220;\u0130l ba\u015fkan\u0131m\u0131z\u0131n her zaman yan\u0131nday\u0131z&#8221; dedi. Milliyet\u00e7i Hareket Partisi (MHP) Ayd\u0131n \u0130l Ba\u015fkan\u0131 Haluk Al\u0131c\u0131k\u2019\u0131n, K\u0131br\u0131s\u2019ta \u00e7ekildi\u011fi \u00f6ne s\u00fcr\u00fclen foto\u011fraf\u0131n\u0131n bas\u0131nda payla\u015f\u0131lmas\u0131n\u0131n ard\u0131ndan istifa etti\u011fini a\u00e7\u0131klamas\u0131yla, bo\u015f kalan koltu\u011fa gelecek isim belli oldu. Al\u0131c\u0131k\u2019\u0131n istifas\u0131n\u0131n ard\u0131ndan MHP Genel&#8230;<\/p>\n","protected":false},"author":1,"featured_media":82776,"comment_status":"open","ping_status":"open","sticky":false,"template":"","format":"standard","meta":{"_crdt_document":"","footnotes":""},"categories":[127],"tags":[],"class_list":["post-82775","post","type-post","status-publish","format-standard","has-post-thumbnail","hentry","category-siyaset"],"_links":{"self":[{"href":"https:\/\/www.egemtv.com\/index.php?rest_route=\/wp\/v2\/posts\/82775","targetHints":{"allow":["GET"]}}],"collection":[{"href":"https:\/\/www.egemtv.com\/index.php?rest_route=\/wp\/v2\/posts"}],"about":[{"href":"https:\/\/www.egemtv.com\/index.php?rest_route=\/wp\/v2\/types\/post"}],"author":[{"embeddable":true,"href":"https:\/\/www.egemtv.com\/index.php?rest_route=\/wp\/v2\/users\/1"}],"replies":[{"embeddable":true,"href":"https:\/\/www.egemtv.com\/index.php?rest_route=%2Fwp%2Fv2%2Fcomments&post=82775"}],"version-history":[{"count":1,"href":"https:\/\/www.egemtv.com\/index.php?rest_route=\/wp\/v2\/posts\/82775\/revisions"}],"predecessor-version":[{"id":82777,"href":"https:\/\/www.egemtv.com\/index.php?rest_route=\/wp\/v2\/posts\/82775\/revisions\/82777"}],"wp:featuredmedia":[{"embeddable":true,"href":"https:\/\/www.egemtv.com\/index.php?rest_route=\/wp\/v2\/media\/82776"}],"wp:attachment":[{"href":"https:\/\/www.egemtv.com\/index.php?rest_route=%2Fwp%2Fv2%2Fmedia&parent=82775"}],"wp:term":[{"taxonomy":"category","embeddable":true,"href":"https:\/\/www.egemtv.com\/index.php?rest_route=%2Fwp%2Fv2%2Fcategories&post=82775"},{"taxonomy":"post_tag","embeddable":true,"href":"https:\/\/www.egemtv.com\/index.php?rest_route=%2Fwp%2Fv2%2Ftags&post=82775"}],"curies":[{"name":"wp","href":"https:\/\/api.w.org\/{rel}","templated":true}]}}