{"id":82772,"date":"2026-01-24T13:17:13","date_gmt":"2026-01-24T10:17:13","guid":{"rendered":"https:\/\/www.egemtv.com\/?p=82772"},"modified":"2026-01-24T13:17:14","modified_gmt":"2026-01-24T10:17:14","slug":"dikili-umut-tiyatrosu-umut-olmaya-devam-ediyor","status":"publish","type":"post","link":"https:\/\/www.egemtv.com\/?p=82772","title":{"rendered":"Dikili Umut Tiyatrosu, umut olmaya devam ediyor"},"content":{"rendered":"<p>\u0130zmir\u2019in Dikili \u0130l\u00e7esi\u2019nde faaliyet y\u00fcr\u00fcten Dikili Umut Tiyatrosu \u2019Umutlu Mahkumlar\u2019 adl\u0131 projesiyle \u00f6rnek bir ad\u0131m att\u0131.<br \/>\n<br \/>Dikili\u2019de kurulan, sanat y\u00f6netmeni ve tiyatro e\u011fitmeni Mine Atlatmaz\u2019\u0131n \u00f6nc\u00fcl\u00fc\u011f\u00fcnde \u00e7al\u0131\u015fan Dikili Umut Tiyatrosu, \u2019Cinayet ve \u00c7ay Partisi\u2019 adl\u0131 k\u0131sa komedi oyununu Dikili ve \u00e7evresindeki kom\u015fu il\u00e7elerde sergiledikten sonra \u015fimdi de \u2019Umutlu Mahkumlar\u2019 projesiylr cezaevlerinde kalan mahkumlara sergilemeye ba\u015flad\u0131. 16 Ocak\u2019Ta Alia\u011fa Kad\u0131n Kapal\u0131 Ceza \u0130nfaz Kurumu\u2019nda, 22 Ocak\u2019ta da Bergama Kapal\u0131 Ceza \u0130nfaz Kurumu\u2019nda tutuklu bulunan mahkumlara sergilenen oyun b\u00fcy\u00fck be\u011feni toplad\u0131.<br \/>\n<br \/>Mine Atlatmaz\u2019\u0131n yaz\u0131p, y\u00f6netti\u011fi ve ekip arkada\u015flar\u0131yla oynad\u0131\u011f\u0131 \u2019Cinayet ve \u00c7ay Saati\u2019 oyunu 3 \u015eubat Sal\u0131 g\u00fcn\u00fc Ayval\u0131k Kad\u0131n A\u00e7\u0131k Ceza \u0130nfaz Kurumu\u2019nda sahne alacak. Mine Atlatmaz proje ile ilgili \u015funlar\u0131 s\u00f6yledi; &#8220;2000 y\u0131l\u0131nda Umut Hep Var slogan\u0131yla kurdu\u011fumuz tiyatro toplulu\u011fumuz bug\u00fcne kadar bir \u00e7ok projeye imza att\u0131k. Umutlu \u00c7ocuklar, Umutlu Kad\u0131nlar ve Umutlu Patiler en \u00f6nemlileriydi. \u015eimdi ise cezaevlerinde sevdiklerinden uzak, topluma kazand\u0131r\u0131lmay\u0131 bekleyen mahkumlar i\u00e7in &#8220;Umutlu Mahkumlar&#8221; adl\u0131 projemizle sahne al\u0131yoruz. Amac\u0131m\u0131z t\u00fcm karde\u015flerimize umut \u0131\u015f\u0131\u011f\u0131 olmak, bir nebze tebess\u00fcm etmelerini sa\u011flamakt\u0131r. Bu projemizi Adalet Bakanl\u0131\u011f\u0131\u2019n\u0131n deste\u011fi ile t\u00fcm T\u00fcrkiye\u2019deki cezaevlerine yaymak istiyoruz.&#8221;<br \/><\/p>\n","protected":false},"excerpt":{"rendered":"<p>\u0130zmir\u2019in Dikili \u0130l\u00e7esi\u2019nde faaliyet y\u00fcr\u00fcten Dikili Umut Tiyatrosu \u2019Umutlu Mahkumlar\u2019 adl\u0131 projesiyle \u00f6rnek bir ad\u0131m att\u0131. Dikili\u2019de kurulan, sanat y\u00f6netmeni ve tiyatro e\u011fitmeni Mine Atlatmaz\u2019\u0131n \u00f6nc\u00fcl\u00fc\u011f\u00fcnde \u00e7al\u0131\u015fan Dikili Umut Tiyatrosu, \u2019Cinayet ve \u00c7ay Partisi\u2019 adl\u0131 k\u0131sa komedi oyununu Dikili ve \u00e7evresindeki kom\u015fu il\u00e7elerde sergiledikten sonra \u015fimdi de \u2019Umutlu Mahkumlar\u2019 projesiylr cezaevlerinde kalan mahkumlara sergilemeye ba\u015flad\u0131&#8230;.<\/p>\n","protected":false},"author":1,"featured_media":82773,"comment_status":"open","ping_status":"open","sticky":false,"template":"","format":"standard","meta":{"_crdt_document":"","footnotes":""},"categories":[1],"tags":[],"class_list":["post-82772","post","type-post","status-publish","format-standard","has-post-thumbnail","hentry","category-guncel"],"_links":{"self":[{"href":"https:\/\/www.egemtv.com\/index.php?rest_route=\/wp\/v2\/posts\/82772","targetHints":{"allow":["GET"]}}],"collection":[{"href":"https:\/\/www.egemtv.com\/index.php?rest_route=\/wp\/v2\/posts"}],"about":[{"href":"https:\/\/www.egemtv.com\/index.php?rest_route=\/wp\/v2\/types\/post"}],"author":[{"embeddable":true,"href":"https:\/\/www.egemtv.com\/index.php?rest_route=\/wp\/v2\/users\/1"}],"replies":[{"embeddable":true,"href":"https:\/\/www.egemtv.com\/index.php?rest_route=%2Fwp%2Fv2%2Fcomments&post=82772"}],"version-history":[{"count":1,"href":"https:\/\/www.egemtv.com\/index.php?rest_route=\/wp\/v2\/posts\/82772\/revisions"}],"predecessor-version":[{"id":82774,"href":"https:\/\/www.egemtv.com\/index.php?rest_route=\/wp\/v2\/posts\/82772\/revisions\/82774"}],"wp:featuredmedia":[{"embeddable":true,"href":"https:\/\/www.egemtv.com\/index.php?rest_route=\/wp\/v2\/media\/82773"}],"wp:attachment":[{"href":"https:\/\/www.egemtv.com\/index.php?rest_route=%2Fwp%2Fv2%2Fmedia&parent=82772"}],"wp:term":[{"taxonomy":"category","embeddable":true,"href":"https:\/\/www.egemtv.com\/index.php?rest_route=%2Fwp%2Fv2%2Fcategories&post=82772"},{"taxonomy":"post_tag","embeddable":true,"href":"https:\/\/www.egemtv.com\/index.php?rest_route=%2Fwp%2Fv2%2Ftags&post=82772"}],"curies":[{"name":"wp","href":"https:\/\/api.w.org\/{rel}","templated":true}]}}