{"id":82769,"date":"2026-01-24T12:54:49","date_gmt":"2026-01-24T09:54:49","guid":{"rendered":"https:\/\/www.egemtv.com\/?p=82769"},"modified":"2026-01-24T12:54:50","modified_gmt":"2026-01-24T09:54:50","slug":"tirla-carpisan-otomobilde-5-kisi-yaralandi","status":"publish","type":"post","link":"https:\/\/www.egemtv.com\/?p=82769","title":{"rendered":"T\u0131rla \u00e7arp\u0131\u015fan otomobilde 5 ki\u015fi yaraland\u0131"},"content":{"rendered":"<p>Afyonkarahisar\u2019da t\u0131rla \u00e7arp\u0131\u015farak hurdaya d\u00f6nen otomobilde 5 ki\u015fi yaraland\u0131.<br \/>\n<br \/>Kaza, Dinar il\u00e7esi Ak\u00e7in k\u00f6y\u00fc yak\u0131nlar\u0131nda meydana geldi. Edinilen bilgilere g\u00f6re, M.A. idaresindeki 33 AHC 348 plakal\u0131 t\u0131r,  M.K\u2019nin  kulland\u0131\u011f\u0131 20 GP 414 plakal\u0131 otomobille \u00e7arp\u0131\u015ft\u0131. \u00c7arp\u0131\u015fman\u0131n etkisiyle savrulan ve \u015farampole devrilen otomobilde s\u00fcr\u00fcc\u00fc ile birlikte M.K. (65), \u00d6.K. (34), S.B.K. (12) ve K.K. (5) yaraland\u0131. Hurdaya d\u00f6nen otomobilde yaral\u0131lar olay yerine gelen ekipler taraf\u0131ndan uzun u\u011fra\u015flar sonucu ara\u00e7tan \u00e7\u0131kar\u0131ld\u0131. Yaral\u0131lar ard\u0131ndan ambulanslarla hastanelere kald\u0131r\u0131ld\u0131.<br \/>\n<br \/>Kazan\u0131n ard\u0131ndan jandarma taraf\u0131ndan inceleme ba\u015flat\u0131ld\u0131.<br \/><\/p>\n","protected":false},"excerpt":{"rendered":"<p>Afyonkarahisar\u2019da t\u0131rla \u00e7arp\u0131\u015farak hurdaya d\u00f6nen otomobilde 5 ki\u015fi yaraland\u0131. Kaza, Dinar il\u00e7esi Ak\u00e7in k\u00f6y\u00fc yak\u0131nlar\u0131nda meydana geldi. Edinilen bilgilere g\u00f6re, M.A. idaresindeki 33 AHC 348 plakal\u0131 t\u0131r, M.K\u2019nin kulland\u0131\u011f\u0131 20 GP 414 plakal\u0131 otomobille \u00e7arp\u0131\u015ft\u0131. \u00c7arp\u0131\u015fman\u0131n etkisiyle savrulan ve \u015farampole devrilen otomobilde s\u00fcr\u00fcc\u00fc ile birlikte M.K. (65), \u00d6.K. (34), S.B.K. (12) ve K.K. (5) yaraland\u0131&#8230;.<\/p>\n","protected":false},"author":1,"featured_media":82770,"comment_status":"open","ping_status":"open","sticky":false,"template":"","format":"standard","meta":{"_crdt_document":"","footnotes":""},"categories":[5],"tags":[],"class_list":["post-82769","post","type-post","status-publish","format-standard","has-post-thumbnail","hentry","category-asayis"],"_links":{"self":[{"href":"https:\/\/www.egemtv.com\/index.php?rest_route=\/wp\/v2\/posts\/82769","targetHints":{"allow":["GET"]}}],"collection":[{"href":"https:\/\/www.egemtv.com\/index.php?rest_route=\/wp\/v2\/posts"}],"about":[{"href":"https:\/\/www.egemtv.com\/index.php?rest_route=\/wp\/v2\/types\/post"}],"author":[{"embeddable":true,"href":"https:\/\/www.egemtv.com\/index.php?rest_route=\/wp\/v2\/users\/1"}],"replies":[{"embeddable":true,"href":"https:\/\/www.egemtv.com\/index.php?rest_route=%2Fwp%2Fv2%2Fcomments&post=82769"}],"version-history":[{"count":1,"href":"https:\/\/www.egemtv.com\/index.php?rest_route=\/wp\/v2\/posts\/82769\/revisions"}],"predecessor-version":[{"id":82771,"href":"https:\/\/www.egemtv.com\/index.php?rest_route=\/wp\/v2\/posts\/82769\/revisions\/82771"}],"wp:featuredmedia":[{"embeddable":true,"href":"https:\/\/www.egemtv.com\/index.php?rest_route=\/wp\/v2\/media\/82770"}],"wp:attachment":[{"href":"https:\/\/www.egemtv.com\/index.php?rest_route=%2Fwp%2Fv2%2Fmedia&parent=82769"}],"wp:term":[{"taxonomy":"category","embeddable":true,"href":"https:\/\/www.egemtv.com\/index.php?rest_route=%2Fwp%2Fv2%2Fcategories&post=82769"},{"taxonomy":"post_tag","embeddable":true,"href":"https:\/\/www.egemtv.com\/index.php?rest_route=%2Fwp%2Fv2%2Ftags&post=82769"}],"curies":[{"name":"wp","href":"https:\/\/api.w.org\/{rel}","templated":true}]}}