{"id":82766,"date":"2026-01-24T12:54:48","date_gmt":"2026-01-24T09:54:48","guid":{"rendered":"https:\/\/www.egemtv.com\/?p=82766"},"modified":"2026-01-24T12:54:49","modified_gmt":"2026-01-24T09:54:49","slug":"marmaris-adakoy-yolu-yeniledi","status":"publish","type":"post","link":"https:\/\/www.egemtv.com\/?p=82766","title":{"rendered":"Marmaris Adak\u00f6y yolu yeniledi"},"content":{"rendered":"<p>Mu\u011fla B\u00fcy\u00fck\u015fehir Belediyesi, il genelinde ula\u015f\u0131m altyap\u0131s\u0131n\u0131 g\u00fc\u00e7lendirmek ve \u015fehir i\u00e7i yollar\u0131 daha g\u00fcvenli hale getirmek amac\u0131yla \u00e7al\u0131\u015fmalar\u0131na devam ediyor. Bu kapsamda B\u00fcy\u00fck\u015fehir Belediyesi, MUSK\u0130 Genel M\u00fcd\u00fcrl\u00fc\u011f\u00fc taraf\u0131ndan y\u00fcr\u00fct\u00fclen kanalizasyon \u00e7al\u0131\u015fmalar\u0131n\u0131n tamamlanmas\u0131n\u0131n ard\u0131ndan, Marmaris Adak\u00f6y Yolu g\u00fczerg\u00e2h\u0131nda s\u0131cak asfalt ve kald\u0131r\u0131m yenileme \u00e7al\u0131\u015fmalar\u0131n\u0131 hayata ge\u00e7irdi.<br \/>\n<br \/>Adak\u00f6y yolu yenileme \u00e7al\u0131\u015fmalar\u0131 tamamland\u0131<br \/>\n<br \/>Ger\u00e7ekle\u015ftirilen \u00e7al\u0131\u015fmalar kapsam\u0131nda, mevcut asfalt tabakas\u0131 s\u00f6k\u00fclerek s\u0131cak asfalt kaplama imalatlar\u0131 tamamland\u0131. Yol \u00e7al\u0131\u015fmalar\u0131yla e\u015f zamanl\u0131 olarak b\u00f6lgede lokal kald\u0131r\u0131m d\u00fczenlemeleri de yap\u0131larak yaya g\u00fcvenli\u011fi art\u0131r\u0131ld\u0131. Mu\u011fla B\u00fcy\u00fck\u015fehir Belediyesi taraf\u0131ndan tamamlanan \u00e7al\u0131\u015fmalarla birlikte Adak\u00f6y yolu, hem ara\u00e7 s\u00fcr\u00fcc\u00fcleri, hem de yayalar i\u00e7in daha g\u00fcvenli, konforlu ve modern bir g\u00f6r\u00fcn\u00fcme kavu\u015ftu.<br \/>\n<br \/>Marmaris Adak\u00f6y Mahalle Muhtar\u0131 Sermin G\u00fcven\u00e7, yap\u0131lan \u00e7al\u0131\u015fmalardan duydu\u011fu memnuniyeti dile getirerek, &#8220;Y\u0131pranan altyap\u0131 \u00e7al\u0131\u015fmalar\u0131ndan dolay\u0131 yolumuz bozulmu\u015ftu. B\u00fcy\u00fck\u015fehir Belediyemizin yat\u0131r\u0131m\u0131yla yolumuz yenilendi. \u015eu anda daha g\u00fcvenli ve konforlu bir yola kavu\u015ftuk. Marmaris d\u00fcnyaya a\u00e7\u0131lan bir pencere. Bize her zaman desteklerinden dolay\u0131 yan\u0131m\u0131zda olan Mu\u011fla B\u00fcy\u00fck\u015fehir Belediye Ba\u015fkan\u0131m\u0131z Say\u0131n Ahmet Aras\u2019a \u00e7ok\u00e7a te\u015fekk\u00fcr ediyoruz&#8221; dedi.<br \/>\n<br \/>Mu\u011fla B\u00fcy\u00fck\u015fehir Belediyesi Fen \u0130\u015fleri Dairesi Ba\u015fkanl\u0131\u011f\u0131 \u0130n\u015faat Y\u00fcksek M\u00fchendisi Batuhan Kodal, &#8220;Mu\u011fla B\u00fcy\u00fck\u015fehir Belediyesi olarak Marmaris il\u00e7emizde \u015fehir i\u00e7i yollara verdi\u011fimiz \u00f6nem do\u011frultusunda MUSK\u0130 taraf\u0131ndan y\u00fcr\u00fct\u00fclen kanalizasyon \u00e7al\u0131\u015fmalar\u0131n\u0131n tamamlanmas\u0131yla kurumumuzla koordineli planlama \u00e7er\u00e7evesinde toplam 8 milyon TL yat\u0131r\u0131mla Adak\u00f6y yolu g\u00fczerg\u00e2h\u0131nda s\u0131cak asfalt ve kald\u0131r\u0131m yenileme \u00e7al\u0131\u015fmalar\u0131na ba\u015flad\u0131k. Bu kapsamda yakla\u015f\u0131k Bin metrelik hatta mevcut asfalt tabakas\u0131n\u0131n s\u00f6k\u00fcm\u00fc, s\u0131cak asfalt kaplama imalatlar\u0131yla birlikte lokal kald\u0131r\u0131m d\u00fczenlemelerini tamamlad\u0131k&#8221; dedi.<br \/>\n<br \/>K\u0131y\u0131 Ege Belediyeler Birli\u011fi ve Mu\u011fla B\u00fcy\u00fck\u015fehir Belediye Ba\u015fkan\u0131 Ahmet Aras, vatanda\u015flar\u0131n g\u00fcnl\u00fck ya\u015fam\u0131n\u0131 kolayla\u015ft\u0131ran projelere \u00f6ncelik verdiklerini belirterek, Marmaris\u2019te ula\u015f\u0131mda konforu ve g\u00fcvenli\u011fi \u00f6ncelik verdiklerini, altyap\u0131 \u00e7al\u0131\u015fmalar\u0131 tamamlanan b\u00f6lgelerde \u00fcstyap\u0131y\u0131 h\u0131zla yenileyerek vatanda\u015flar\u0131n ma\u011fduriyet ya\u015famamas\u0131n\u0131 sa\u011flad\u0131klar\u0131n\u0131 a\u00e7\u0131klad\u0131. Ba\u015fkan Aras, Adak\u00f6y yolunun yenilenmesiyle bu y\u00f6rede ya\u015fayan vatanda\u015flar\u0131n daha g\u00fcvenli ve konforlu bir ula\u015f\u0131ma kavu\u015fmas\u0131 sa\u011flad\u0131klar\u0131n\u0131 belirtti.<br \/><\/p>\n","protected":false},"excerpt":{"rendered":"<p>Mu\u011fla B\u00fcy\u00fck\u015fehir Belediyesi, il genelinde ula\u015f\u0131m altyap\u0131s\u0131n\u0131 g\u00fc\u00e7lendirmek ve \u015fehir i\u00e7i yollar\u0131 daha g\u00fcvenli hale getirmek amac\u0131yla \u00e7al\u0131\u015fmalar\u0131na devam ediyor. Bu kapsamda B\u00fcy\u00fck\u015fehir Belediyesi, MUSK\u0130 Genel M\u00fcd\u00fcrl\u00fc\u011f\u00fc taraf\u0131ndan y\u00fcr\u00fct\u00fclen kanalizasyon \u00e7al\u0131\u015fmalar\u0131n\u0131n tamamlanmas\u0131n\u0131n ard\u0131ndan, Marmaris Adak\u00f6y Yolu g\u00fczerg\u00e2h\u0131nda s\u0131cak asfalt ve kald\u0131r\u0131m yenileme \u00e7al\u0131\u015fmalar\u0131n\u0131 hayata ge\u00e7irdi. Adak\u00f6y yolu yenileme \u00e7al\u0131\u015fmalar\u0131 tamamland\u0131 Ger\u00e7ekle\u015ftirilen \u00e7al\u0131\u015fmalar kapsam\u0131nda, mevcut asfalt&#8230;<\/p>\n","protected":false},"author":1,"featured_media":82767,"comment_status":"open","ping_status":"open","sticky":false,"template":"","format":"standard","meta":{"_crdt_document":"","footnotes":""},"categories":[1],"tags":[],"class_list":["post-82766","post","type-post","status-publish","format-standard","has-post-thumbnail","hentry","category-guncel"],"_links":{"self":[{"href":"https:\/\/www.egemtv.com\/index.php?rest_route=\/wp\/v2\/posts\/82766","targetHints":{"allow":["GET"]}}],"collection":[{"href":"https:\/\/www.egemtv.com\/index.php?rest_route=\/wp\/v2\/posts"}],"about":[{"href":"https:\/\/www.egemtv.com\/index.php?rest_route=\/wp\/v2\/types\/post"}],"author":[{"embeddable":true,"href":"https:\/\/www.egemtv.com\/index.php?rest_route=\/wp\/v2\/users\/1"}],"replies":[{"embeddable":true,"href":"https:\/\/www.egemtv.com\/index.php?rest_route=%2Fwp%2Fv2%2Fcomments&post=82766"}],"version-history":[{"count":1,"href":"https:\/\/www.egemtv.com\/index.php?rest_route=\/wp\/v2\/posts\/82766\/revisions"}],"predecessor-version":[{"id":82768,"href":"https:\/\/www.egemtv.com\/index.php?rest_route=\/wp\/v2\/posts\/82766\/revisions\/82768"}],"wp:featuredmedia":[{"embeddable":true,"href":"https:\/\/www.egemtv.com\/index.php?rest_route=\/wp\/v2\/media\/82767"}],"wp:attachment":[{"href":"https:\/\/www.egemtv.com\/index.php?rest_route=%2Fwp%2Fv2%2Fmedia&parent=82766"}],"wp:term":[{"taxonomy":"category","embeddable":true,"href":"https:\/\/www.egemtv.com\/index.php?rest_route=%2Fwp%2Fv2%2Fcategories&post=82766"},{"taxonomy":"post_tag","embeddable":true,"href":"https:\/\/www.egemtv.com\/index.php?rest_route=%2Fwp%2Fv2%2Ftags&post=82766"}],"curies":[{"name":"wp","href":"https:\/\/api.w.org\/{rel}","templated":true}]}}