{"id":82763,"date":"2026-01-24T12:54:47","date_gmt":"2026-01-24T09:54:47","guid":{"rendered":"https:\/\/www.egemtv.com\/?p=82763"},"modified":"2026-01-24T12:54:48","modified_gmt":"2026-01-24T09:54:48","slug":"havalar-isindi-suruler-dogaya-salindi","status":"publish","type":"post","link":"https:\/\/www.egemtv.com\/?p=82763","title":{"rendered":"Havalar \u0131s\u0131nd\u0131, s\u00fcr\u00fcler do\u011faya sal\u0131nd\u0131"},"content":{"rendered":"<p>Do\u011fu illerinde koyunlar aylarca kapal\u0131 alanlarda kal\u0131rken, Ayd\u0131n\u2019da havalar\u0131n \u0131s\u0131nmas\u0131yla s\u00fcr\u00fcler do\u011faya sal\u0131nd\u0131, \u00e7obanlar da Kurban Bayram\u0131 haz\u0131rl\u0131klar\u0131na ba\u015flad\u0131.<\/p>\n<p>Do\u011fu illerinde etkili olan kar ya\u011f\u0131\u015f\u0131 nedeniyle koyunlar uzun s\u00fcre meralara \u00e7\u0131kamazken, Ayd\u0131n\u2019da havalar\u0131n \u0131s\u0131nmas\u0131yla birlikte s\u00fcr\u00fcler yeniden do\u011fayla bulu\u015ftu. Ayd\u0131nl\u0131 \u00e7oban Nam\u0131k Olcan, bahar havas\u0131n\u0131n etkisiyle koyunlar\u0131n\u0131 meralarda otlatmaya ba\u015flad\u0131. Uzun y\u0131llard\u0131r \u00e7obanl\u0131k yapan Olcan, bir yandan hayvanlar\u0131n\u0131 otlat\u0131rken bir yandan da yakla\u015fan Kurban Bayram\u0131 i\u00e7in haz\u0131rl\u0131klar\u0131n\u0131 s\u00fcrd\u00fcr\u00fcyor. Ayd\u0131n\u2019\u0131n iklim \u015fartlar\u0131n\u0131n hayvanc\u0131l\u0131k a\u00e7\u0131s\u0131ndan b\u00fcy\u00fck avantaj sa\u011flad\u0131\u011f\u0131n\u0131 belirten Olcan, b\u00f6lgede \u00e7obanl\u0131k yapman\u0131n keyifli oldu\u011funu s\u00f6yledi.<\/p>\n<p>Fiyatlar\u0131n daha iyi olmas\u0131yla \u00e7obanl\u0131\u011f\u0131n \u00e7ok daha keyifli bir meslek olaca\u011f\u0131n\u0131 vurgulayan Nam\u0131k Olcan; &#8220;Koyun t\u0131rnaktan al\u0131r derler. Ben de havalar\u0131n g\u00fczelle\u015fmesiyle birlikte koyunlar\u0131m\u0131 otlamaya \u00e7\u0131kard\u0131m. Bir yandan da Kurban Bayram\u0131 haz\u0131rl\u0131klar\u0131m\u0131z\u0131 yap\u0131yoruz. Asl\u0131nda fiyatlar daha iyi olsa meslek iyice keyifli olur. Yani Ayd\u0131n\u2019da \u00e7obanl\u0131k daha avantajl\u0131 olur. Do\u011fu illerinde kardan dolay\u0131 hayvanlar d\u0131\u015far\u0131 \u00e7\u0131kamazken bizim buralarda neredeyse y\u0131l\u0131n 12 ay\u0131 d\u0131\u015far\u0131 salabiliyoruz. Art\u0131k \u00e7oban bulmak zor olsa da mesle\u011fimiz keyifli&#8221; dedi.<br \/><\/p>\n","protected":false},"excerpt":{"rendered":"<p>Do\u011fu illerinde koyunlar aylarca kapal\u0131 alanlarda kal\u0131rken, Ayd\u0131n\u2019da havalar\u0131n \u0131s\u0131nmas\u0131yla s\u00fcr\u00fcler do\u011faya sal\u0131nd\u0131, \u00e7obanlar da Kurban Bayram\u0131 haz\u0131rl\u0131klar\u0131na ba\u015flad\u0131. Do\u011fu illerinde etkili olan kar ya\u011f\u0131\u015f\u0131 nedeniyle koyunlar uzun s\u00fcre meralara \u00e7\u0131kamazken, Ayd\u0131n\u2019da havalar\u0131n \u0131s\u0131nmas\u0131yla birlikte s\u00fcr\u00fcler yeniden do\u011fayla bulu\u015ftu. Ayd\u0131nl\u0131 \u00e7oban Nam\u0131k Olcan, bahar havas\u0131n\u0131n etkisiyle koyunlar\u0131n\u0131 meralarda otlatmaya ba\u015flad\u0131. Uzun y\u0131llard\u0131r \u00e7obanl\u0131k yapan Olcan,&#8230;<\/p>\n","protected":false},"author":1,"featured_media":82764,"comment_status":"open","ping_status":"open","sticky":false,"template":"","format":"standard","meta":{"_crdt_document":"","footnotes":""},"categories":[1],"tags":[],"class_list":["post-82763","post","type-post","status-publish","format-standard","has-post-thumbnail","hentry","category-guncel"],"_links":{"self":[{"href":"https:\/\/www.egemtv.com\/index.php?rest_route=\/wp\/v2\/posts\/82763","targetHints":{"allow":["GET"]}}],"collection":[{"href":"https:\/\/www.egemtv.com\/index.php?rest_route=\/wp\/v2\/posts"}],"about":[{"href":"https:\/\/www.egemtv.com\/index.php?rest_route=\/wp\/v2\/types\/post"}],"author":[{"embeddable":true,"href":"https:\/\/www.egemtv.com\/index.php?rest_route=\/wp\/v2\/users\/1"}],"replies":[{"embeddable":true,"href":"https:\/\/www.egemtv.com\/index.php?rest_route=%2Fwp%2Fv2%2Fcomments&post=82763"}],"version-history":[{"count":1,"href":"https:\/\/www.egemtv.com\/index.php?rest_route=\/wp\/v2\/posts\/82763\/revisions"}],"predecessor-version":[{"id":82765,"href":"https:\/\/www.egemtv.com\/index.php?rest_route=\/wp\/v2\/posts\/82763\/revisions\/82765"}],"wp:featuredmedia":[{"embeddable":true,"href":"https:\/\/www.egemtv.com\/index.php?rest_route=\/wp\/v2\/media\/82764"}],"wp:attachment":[{"href":"https:\/\/www.egemtv.com\/index.php?rest_route=%2Fwp%2Fv2%2Fmedia&parent=82763"}],"wp:term":[{"taxonomy":"category","embeddable":true,"href":"https:\/\/www.egemtv.com\/index.php?rest_route=%2Fwp%2Fv2%2Fcategories&post=82763"},{"taxonomy":"post_tag","embeddable":true,"href":"https:\/\/www.egemtv.com\/index.php?rest_route=%2Fwp%2Fv2%2Ftags&post=82763"}],"curies":[{"name":"wp","href":"https:\/\/api.w.org\/{rel}","templated":true}]}}