{"id":82760,"date":"2026-01-24T12:34:48","date_gmt":"2026-01-24T09:34:48","guid":{"rendered":"https:\/\/www.egemtv.com\/?p=82760"},"modified":"2026-01-24T12:34:49","modified_gmt":"2026-01-24T09:34:49","slug":"sarampole-devrilen-otomobilde-2-kisi-yaralandi-2","status":"publish","type":"post","link":"https:\/\/www.egemtv.com\/?p=82760","title":{"rendered":"\u015earampole devrilen otomobilde 2 ki\u015fi yaraland\u0131"},"content":{"rendered":"<p>Afyonkarahisar\u2019da takla atarak \u015farampole devrilen otomobilde biri 14 ya\u015f\u0131nda \u00e7ocuk 2 ki\u015fi yaraland\u0131.<br \/>\n<br \/>Kaza, Emirda\u011f il\u00e7esi Derek\u00f6y k\u00f6y\u00fc yak\u0131nlar\u0131nda meydana geldi. Edinilen bilgilere g\u00f6re, K.P., y\u00f6netimindeki 03 ADN 241 plakal\u0131 otomobil s\u00fcr\u00fcc\u00fcs\u00fcn\u00fcn hen\u00fcz belirlenemeyen bir sebepten \u00f6t\u00fcr\u00fc direksiyon hakimiyetini kaybetmesi sonucu kontrolden \u00e7\u0131kt\u0131. Savrulan ara\u00e7 ard\u0131ndan takla at\u0131p \u015farampole devrildi. Kazada s\u00fcr\u00fcc\u00fc ile birlikte yan\u0131nda bulunan 14 ya\u015f\u0131ndaki bir \u00e7ocuk yaraland\u0131. Kazan\u2019\u0131n ard\u0131ndan \u00e7evredekilerin haber vermesi \u00fczerine olay yerine gelen ambulansla yaral\u0131lar hastaneye kald\u0131r\u0131ld\u0131.<br \/>\n<br \/>Kaza ile ilgili jandarma taraf\u0131ndan inceleme ba\u015flat\u0131ld\u0131.<br \/><\/p>\n","protected":false},"excerpt":{"rendered":"<p>Afyonkarahisar\u2019da takla atarak \u015farampole devrilen otomobilde biri 14 ya\u015f\u0131nda \u00e7ocuk 2 ki\u015fi yaraland\u0131. Kaza, Emirda\u011f il\u00e7esi Derek\u00f6y k\u00f6y\u00fc yak\u0131nlar\u0131nda meydana geldi. Edinilen bilgilere g\u00f6re, K.P., y\u00f6netimindeki 03 ADN 241 plakal\u0131 otomobil s\u00fcr\u00fcc\u00fcs\u00fcn\u00fcn hen\u00fcz belirlenemeyen bir sebepten \u00f6t\u00fcr\u00fc direksiyon hakimiyetini kaybetmesi sonucu kontrolden \u00e7\u0131kt\u0131. Savrulan ara\u00e7 ard\u0131ndan takla at\u0131p \u015farampole devrildi. Kazada s\u00fcr\u00fcc\u00fc ile birlikte yan\u0131nda&#8230;<\/p>\n","protected":false},"author":1,"featured_media":82761,"comment_status":"open","ping_status":"open","sticky":false,"template":"","format":"standard","meta":{"_crdt_document":"","footnotes":""},"categories":[5],"tags":[],"class_list":["post-82760","post","type-post","status-publish","format-standard","has-post-thumbnail","hentry","category-asayis"],"_links":{"self":[{"href":"https:\/\/www.egemtv.com\/index.php?rest_route=\/wp\/v2\/posts\/82760","targetHints":{"allow":["GET"]}}],"collection":[{"href":"https:\/\/www.egemtv.com\/index.php?rest_route=\/wp\/v2\/posts"}],"about":[{"href":"https:\/\/www.egemtv.com\/index.php?rest_route=\/wp\/v2\/types\/post"}],"author":[{"embeddable":true,"href":"https:\/\/www.egemtv.com\/index.php?rest_route=\/wp\/v2\/users\/1"}],"replies":[{"embeddable":true,"href":"https:\/\/www.egemtv.com\/index.php?rest_route=%2Fwp%2Fv2%2Fcomments&post=82760"}],"version-history":[{"count":1,"href":"https:\/\/www.egemtv.com\/index.php?rest_route=\/wp\/v2\/posts\/82760\/revisions"}],"predecessor-version":[{"id":82762,"href":"https:\/\/www.egemtv.com\/index.php?rest_route=\/wp\/v2\/posts\/82760\/revisions\/82762"}],"wp:featuredmedia":[{"embeddable":true,"href":"https:\/\/www.egemtv.com\/index.php?rest_route=\/wp\/v2\/media\/82761"}],"wp:attachment":[{"href":"https:\/\/www.egemtv.com\/index.php?rest_route=%2Fwp%2Fv2%2Fmedia&parent=82760"}],"wp:term":[{"taxonomy":"category","embeddable":true,"href":"https:\/\/www.egemtv.com\/index.php?rest_route=%2Fwp%2Fv2%2Fcategories&post=82760"},{"taxonomy":"post_tag","embeddable":true,"href":"https:\/\/www.egemtv.com\/index.php?rest_route=%2Fwp%2Fv2%2Ftags&post=82760"}],"curies":[{"name":"wp","href":"https:\/\/api.w.org\/{rel}","templated":true}]}}