{"id":82757,"date":"2026-01-24T12:34:47","date_gmt":"2026-01-24T09:34:47","guid":{"rendered":"https:\/\/www.egemtv.com\/?p=82757"},"modified":"2026-01-24T12:34:48","modified_gmt":"2026-01-24T09:34:48","slug":"bakan-uraloglu-acikladi-aydina-24-yilda-1108-milyar-liralik-yatirim-yapildi","status":"publish","type":"post","link":"https:\/\/www.egemtv.com\/?p=82757","title":{"rendered":"Bakan Uralo\u011flu a\u00e7\u0131klad\u0131: &#8220;Ayd\u0131n\u2019a 24 y\u0131lda 110,8 milyar liral\u0131k yat\u0131r\u0131m yap\u0131ld\u0131&#8221;"},"content":{"rendered":"<p>Ula\u015ft\u0131rma ve Altyap\u0131 Bakan\u0131 Abdulkadir Uralo\u011flu, bakanl\u0131k taraf\u0131ndan Ayd\u0131n\u2019a AK Parti iktidar\u0131nda toplam 110,8 milyar liral\u0131k yat\u0131r\u0131m yap\u0131ld\u0131\u011f\u0131 a\u00e7\u0131klad\u0131.<br \/>\n<br \/>Cumhurba\u015fkan\u0131 Recep Tayyip Erdo\u011fan\u2019\u0131n kat\u0131l\u0131m\u0131yla saat 13.30\u2019da Ayd\u0131n Atat\u00fcrk Kent Meydan\u0131\u2019nda ger\u00e7ekle\u015ftirilecek toplu a\u00e7\u0131l\u0131\u015f ve temel atma t\u00f6reni \u00f6ncesi kent genelinde yap\u0131lan yat\u0131r\u0131mlar ve devam eden projeler g\u00fcndeme geldi. Ula\u015ft\u0131rma ve Altyap\u0131 Bakan\u0131 Abdulkadir Uralo\u011flu sosyal medya hesab\u0131ndan yapt\u0131\u011f\u0131 payla\u015f\u0131mla AK Parti iktidar\u0131nda ge\u00e7en 24 y\u0131ll\u0131k s\u00fcre i\u00e7erisinde Ula\u015ft\u0131rma ve Altyap\u0131 Bakanl\u0131\u011f\u0131 taraf\u0131ndan Ayd\u0131n\u2019a 110,8 milyar liral\u0131k yat\u0131r\u0131m yap\u0131ld\u0131\u011f\u0131 kaydetti.  Bakan Uralo\u011flu\u2019nun payla\u015ft\u0131\u011f\u0131 bilgilere g\u00f6re son 24 y\u0131lda Ayd\u0131n\u2019da bug\u00fcne kadar 379 kilometre b\u00f6l\u00fcnm\u00fc\u015f yol hayata ge\u00e7irilirken, 7 bin 362 kilometrelik fiber a\u011f altyap\u0131s\u0131 kuruldu. Ula\u015f\u0131m yat\u0131r\u0131mlar\u0131n\u0131n \u00f6nemli projelerinden biri olan Ayd\u0131n-Denizli Otoyolu, b\u00f6lgenin trafik y\u00fck\u00fcn\u00fc azaltarak ula\u015f\u0131m\u0131 daha g\u00fcvenli ve konforlu hale getirdi.<\/p>\n<p>\u00d6te yandan kent genelinde devam eden \u00f6nemli projeler aras\u0131nda, Ayd\u0131n \u015eehir Hastanesi Yolu, Sel\u00e7uk-Ortaklar-Ayd\u0131n Yolu, S\u00f6ke-Ka\u00e7arl\u0131 Yolu, Sel\u00e7uk-Ku\u015fadas\u0131-Davutlar Yolu, Labranda-Karpuzlu Yolu ile \u0130zmir-Ayd\u0131n Otoyolu ve Ayd\u0131n \u00c7evre Yolu \u00fcstyap\u0131 onar\u0131m\u0131 yer ald\u0131. Ayr\u0131ca Ayd\u0131n-(Ayd\u0131n-Mu\u011fla) il s\u0131n\u0131r\u0131 BSK onar\u0131m\u0131, S\u00f6ke-Novada farkl\u0131 seviyeli kav\u015fa\u011f\u0131 ve \u0130ncirliova-Ayd\u0131n-K\u00f6\u015fk Banliy\u00f6 \u0130\u015fletmecili\u011fi 1. etap projesinin de s\u00fcrd\u00fc\u011f\u00fc bildirildi.<br \/><\/p>\n","protected":false},"excerpt":{"rendered":"<p>Ula\u015ft\u0131rma ve Altyap\u0131 Bakan\u0131 Abdulkadir Uralo\u011flu, bakanl\u0131k taraf\u0131ndan Ayd\u0131n\u2019a AK Parti iktidar\u0131nda toplam 110,8 milyar liral\u0131k yat\u0131r\u0131m yap\u0131ld\u0131\u011f\u0131 a\u00e7\u0131klad\u0131. Cumhurba\u015fkan\u0131 Recep Tayyip Erdo\u011fan\u2019\u0131n kat\u0131l\u0131m\u0131yla saat 13.30\u2019da Ayd\u0131n Atat\u00fcrk Kent Meydan\u0131\u2019nda ger\u00e7ekle\u015ftirilecek toplu a\u00e7\u0131l\u0131\u015f ve temel atma t\u00f6reni \u00f6ncesi kent genelinde yap\u0131lan yat\u0131r\u0131mlar ve devam eden projeler g\u00fcndeme geldi. Ula\u015ft\u0131rma ve Altyap\u0131 Bakan\u0131 Abdulkadir Uralo\u011flu sosyal&#8230;<\/p>\n","protected":false},"author":1,"featured_media":82758,"comment_status":"open","ping_status":"open","sticky":false,"template":"","format":"standard","meta":{"_crdt_document":"","footnotes":""},"categories":[1],"tags":[],"class_list":["post-82757","post","type-post","status-publish","format-standard","has-post-thumbnail","hentry","category-guncel"],"_links":{"self":[{"href":"https:\/\/www.egemtv.com\/index.php?rest_route=\/wp\/v2\/posts\/82757","targetHints":{"allow":["GET"]}}],"collection":[{"href":"https:\/\/www.egemtv.com\/index.php?rest_route=\/wp\/v2\/posts"}],"about":[{"href":"https:\/\/www.egemtv.com\/index.php?rest_route=\/wp\/v2\/types\/post"}],"author":[{"embeddable":true,"href":"https:\/\/www.egemtv.com\/index.php?rest_route=\/wp\/v2\/users\/1"}],"replies":[{"embeddable":true,"href":"https:\/\/www.egemtv.com\/index.php?rest_route=%2Fwp%2Fv2%2Fcomments&post=82757"}],"version-history":[{"count":1,"href":"https:\/\/www.egemtv.com\/index.php?rest_route=\/wp\/v2\/posts\/82757\/revisions"}],"predecessor-version":[{"id":82759,"href":"https:\/\/www.egemtv.com\/index.php?rest_route=\/wp\/v2\/posts\/82757\/revisions\/82759"}],"wp:featuredmedia":[{"embeddable":true,"href":"https:\/\/www.egemtv.com\/index.php?rest_route=\/wp\/v2\/media\/82758"}],"wp:attachment":[{"href":"https:\/\/www.egemtv.com\/index.php?rest_route=%2Fwp%2Fv2%2Fmedia&parent=82757"}],"wp:term":[{"taxonomy":"category","embeddable":true,"href":"https:\/\/www.egemtv.com\/index.php?rest_route=%2Fwp%2Fv2%2Fcategories&post=82757"},{"taxonomy":"post_tag","embeddable":true,"href":"https:\/\/www.egemtv.com\/index.php?rest_route=%2Fwp%2Fv2%2Ftags&post=82757"}],"curies":[{"name":"wp","href":"https:\/\/api.w.org\/{rel}","templated":true}]}}