{"id":82754,"date":"2026-01-24T11:54:35","date_gmt":"2026-01-24T08:54:35","guid":{"rendered":"https:\/\/www.egemtv.com\/?p=82754"},"modified":"2026-01-24T11:54:36","modified_gmt":"2026-01-24T08:54:36","slug":"aydinda-tarim-masaya-yatirildi-ureticinin-sorulari-sahada-yanitlandi","status":"publish","type":"post","link":"https:\/\/www.egemtv.com\/?p=82754","title":{"rendered":"Ayd\u0131n\u2019da tar\u0131m masaya yat\u0131r\u0131ld\u0131, \u00fcreticinin sorular\u0131 sahada yan\u0131tland\u0131"},"content":{"rendered":"<p>Ayd\u0131n \u0130l Tar\u0131m ve Orman M\u00fcd\u00fcrl\u00fc\u011f\u00fc taraf\u0131ndan d\u00fczenlenen \u00c7ift\u00e7i Bulu\u015fmalar\u0131 kapsam\u0131nda, il genelindeki 17 il\u00e7ede ve 17 mahallede \u00fcreticilerle bir araya gelindi. Tar\u0131msal \u00fcretimi g\u00fc\u00e7lendirmeyi ama\u00e7layan bulu\u015fmalarda, \u00e7ift\u00e7ilere b\u00f6lgesel \u00fcretime y\u00f6nelik teknik bilgiler aktar\u0131ld\u0131.<\/p>\n<p>Ger\u00e7ekle\u015ftirilen toplant\u0131larda, Ayd\u0131n\u2019da yayg\u0131n olarak yeti\u015ftirilen incir, zeytin, kestane ve pamuk ba\u015fta olmak \u00fczere t\u00fcm tar\u0131msal \u00fcr\u00fcnler hakk\u0131nda uzman ekipler taraf\u0131ndan bilgilendirmeler yap\u0131ld\u0131. Ayr\u0131ca hayvan hastal\u0131klar\u0131, korunma y\u00f6ntemleri ve sa\u011fl\u0131kl\u0131 hayvanc\u0131l\u0131k uygulamalar\u0131 da ele al\u0131nd\u0131. Bilgi payla\u015f\u0131m\u0131n\u0131n \u00f6n planda tutuldu\u011fu bulu\u015fmalarda, \u00fcreticilerin sahada kar\u015f\u0131la\u015ft\u0131klar\u0131 sorunlar dinlenirken, y\u00f6neltilen sorular da uzmanlar taraf\u0131ndan tek tek yan\u0131tland\u0131. \u00c7ift\u00e7ilerin talep ve beklentilerinin do\u011frudan al\u0131nmas\u0131n\u0131n hedeflendi\u011fi toplant\u0131lar\u0131n, tar\u0131msal verimlili\u011fe ve s\u00fcrd\u00fcr\u00fclebilir \u00fcretime katk\u0131 sa\u011flamas\u0131 ama\u00e7lan\u0131yor. Ayd\u0131n \u0130l Tar\u0131m ve Orman M\u00fcd\u00fcrl\u00fc\u011f\u00fc yetkilileri \u00fcreticiyle omuz omuza \u00e7al\u0131\u015fmay\u0131 s\u00fcrd\u00fcrd\u00fcklerini belirterek, tar\u0131mda birlikte g\u00fc\u00e7lenmenin en \u00f6nemli unsurunun do\u011fru bilgi ve sahaya dayal\u0131 ileti\u015fim oldu\u011funa dikkat \u00e7ekti.<br \/><\/p>\n","protected":false},"excerpt":{"rendered":"<p>Ayd\u0131n \u0130l Tar\u0131m ve Orman M\u00fcd\u00fcrl\u00fc\u011f\u00fc taraf\u0131ndan d\u00fczenlenen \u00c7ift\u00e7i Bulu\u015fmalar\u0131 kapsam\u0131nda, il genelindeki 17 il\u00e7ede ve 17 mahallede \u00fcreticilerle bir araya gelindi. Tar\u0131msal \u00fcretimi g\u00fc\u00e7lendirmeyi ama\u00e7layan bulu\u015fmalarda, \u00e7ift\u00e7ilere b\u00f6lgesel \u00fcretime y\u00f6nelik teknik bilgiler aktar\u0131ld\u0131. Ger\u00e7ekle\u015ftirilen toplant\u0131larda, Ayd\u0131n\u2019da yayg\u0131n olarak yeti\u015ftirilen incir, zeytin, kestane ve pamuk ba\u015fta olmak \u00fczere t\u00fcm tar\u0131msal \u00fcr\u00fcnler hakk\u0131nda uzman ekipler taraf\u0131ndan&#8230;<\/p>\n","protected":false},"author":1,"featured_media":82755,"comment_status":"open","ping_status":"open","sticky":false,"template":"","format":"standard","meta":{"_crdt_document":"","footnotes":""},"categories":[1],"tags":[],"class_list":["post-82754","post","type-post","status-publish","format-standard","has-post-thumbnail","hentry","category-guncel"],"_links":{"self":[{"href":"https:\/\/www.egemtv.com\/index.php?rest_route=\/wp\/v2\/posts\/82754","targetHints":{"allow":["GET"]}}],"collection":[{"href":"https:\/\/www.egemtv.com\/index.php?rest_route=\/wp\/v2\/posts"}],"about":[{"href":"https:\/\/www.egemtv.com\/index.php?rest_route=\/wp\/v2\/types\/post"}],"author":[{"embeddable":true,"href":"https:\/\/www.egemtv.com\/index.php?rest_route=\/wp\/v2\/users\/1"}],"replies":[{"embeddable":true,"href":"https:\/\/www.egemtv.com\/index.php?rest_route=%2Fwp%2Fv2%2Fcomments&post=82754"}],"version-history":[{"count":1,"href":"https:\/\/www.egemtv.com\/index.php?rest_route=\/wp\/v2\/posts\/82754\/revisions"}],"predecessor-version":[{"id":82756,"href":"https:\/\/www.egemtv.com\/index.php?rest_route=\/wp\/v2\/posts\/82754\/revisions\/82756"}],"wp:featuredmedia":[{"embeddable":true,"href":"https:\/\/www.egemtv.com\/index.php?rest_route=\/wp\/v2\/media\/82755"}],"wp:attachment":[{"href":"https:\/\/www.egemtv.com\/index.php?rest_route=%2Fwp%2Fv2%2Fmedia&parent=82754"}],"wp:term":[{"taxonomy":"category","embeddable":true,"href":"https:\/\/www.egemtv.com\/index.php?rest_route=%2Fwp%2Fv2%2Fcategories&post=82754"},{"taxonomy":"post_tag","embeddable":true,"href":"https:\/\/www.egemtv.com\/index.php?rest_route=%2Fwp%2Fv2%2Ftags&post=82754"}],"curies":[{"name":"wp","href":"https:\/\/api.w.org\/{rel}","templated":true}]}}