{"id":82751,"date":"2026-01-24T11:34:55","date_gmt":"2026-01-24T08:34:55","guid":{"rendered":"https:\/\/www.egemtv.com\/?p=82751"},"modified":"2026-01-24T11:34:55","modified_gmt":"2026-01-24T08:34:55","slug":"sokakta-gezerken-pelikan-buldu","status":"publish","type":"post","link":"https:\/\/www.egemtv.com\/?p=82751","title":{"rendered":"Sokakta gezerken pelikan buldu"},"content":{"rendered":"<p>Afyonkarahisar\u2019da sokakta gezen bir gen\u00e7 taraf\u0131ndan bulunan u\u00e7amayan pelikan koruma alt\u0131na al\u0131nd\u0131.<br \/>\n<br \/>\u0130lgin\u00e7 olay, Sinanpa\u015fa il\u00e7esine ba\u011fl\u0131 Ahmetpa\u015fa beldesinde meydana geldi. Edinilen bilgilere g\u00f6re, beldede ya\u015fayan Talha Co\u015fkun isimli gen\u00e7 sokakta y\u00fcr\u00fcrken b\u00fcy\u00fck bir ku\u015fun u\u00e7maya \u00e7al\u0131\u015ft\u0131\u011f\u0131n\u0131 ancak yapt\u0131\u011f\u0131 her hamle sonras\u0131 yere d\u00fc\u015ft\u00fc\u011f\u00fcn\u00fc fark etti. Ard\u0131ndan ku\u015fun yan\u0131na yakla\u015fan Co\u015fkun hayvan\u0131 gagas\u0131ndan tuttu\u011funda ku\u015fun yaral\u0131 oldu\u011funu fark etti. Daha sonra ku\u015fu kucaklayan Co\u015fkun ard\u0131ndan yetkililere haber verdi. \u0130hbar \u00fczerine b\u00f6lgeye gelen Do\u011fa Koruma ve Milli Parklar M\u00fcd\u00fcrl\u00fc\u011f\u00fc g\u00f6revlileri pelikan\u0131 koruma alt\u0131na almak \u00fczere gen\u00e7ten teslim ald\u0131.<br \/><\/p>\n","protected":false},"excerpt":{"rendered":"<p>Afyonkarahisar\u2019da sokakta gezen bir gen\u00e7 taraf\u0131ndan bulunan u\u00e7amayan pelikan koruma alt\u0131na al\u0131nd\u0131. \u0130lgin\u00e7 olay, Sinanpa\u015fa il\u00e7esine ba\u011fl\u0131 Ahmetpa\u015fa beldesinde meydana geldi. Edinilen bilgilere g\u00f6re, beldede ya\u015fayan Talha Co\u015fkun isimli gen\u00e7 sokakta y\u00fcr\u00fcrken b\u00fcy\u00fck bir ku\u015fun u\u00e7maya \u00e7al\u0131\u015ft\u0131\u011f\u0131n\u0131 ancak yapt\u0131\u011f\u0131 her hamle sonras\u0131 yere d\u00fc\u015ft\u00fc\u011f\u00fcn\u00fc fark etti. Ard\u0131ndan ku\u015fun yan\u0131na yakla\u015fan Co\u015fkun hayvan\u0131 gagas\u0131ndan tuttu\u011funda ku\u015fun&#8230;<\/p>\n","protected":false},"author":1,"featured_media":82752,"comment_status":"open","ping_status":"open","sticky":false,"template":"","format":"standard","meta":{"_crdt_document":"","footnotes":""},"categories":[1],"tags":[],"class_list":["post-82751","post","type-post","status-publish","format-standard","has-post-thumbnail","hentry","category-guncel"],"_links":{"self":[{"href":"https:\/\/www.egemtv.com\/index.php?rest_route=\/wp\/v2\/posts\/82751","targetHints":{"allow":["GET"]}}],"collection":[{"href":"https:\/\/www.egemtv.com\/index.php?rest_route=\/wp\/v2\/posts"}],"about":[{"href":"https:\/\/www.egemtv.com\/index.php?rest_route=\/wp\/v2\/types\/post"}],"author":[{"embeddable":true,"href":"https:\/\/www.egemtv.com\/index.php?rest_route=\/wp\/v2\/users\/1"}],"replies":[{"embeddable":true,"href":"https:\/\/www.egemtv.com\/index.php?rest_route=%2Fwp%2Fv2%2Fcomments&post=82751"}],"version-history":[{"count":1,"href":"https:\/\/www.egemtv.com\/index.php?rest_route=\/wp\/v2\/posts\/82751\/revisions"}],"predecessor-version":[{"id":82753,"href":"https:\/\/www.egemtv.com\/index.php?rest_route=\/wp\/v2\/posts\/82751\/revisions\/82753"}],"wp:featuredmedia":[{"embeddable":true,"href":"https:\/\/www.egemtv.com\/index.php?rest_route=\/wp\/v2\/media\/82752"}],"wp:attachment":[{"href":"https:\/\/www.egemtv.com\/index.php?rest_route=%2Fwp%2Fv2%2Fmedia&parent=82751"}],"wp:term":[{"taxonomy":"category","embeddable":true,"href":"https:\/\/www.egemtv.com\/index.php?rest_route=%2Fwp%2Fv2%2Fcategories&post=82751"},{"taxonomy":"post_tag","embeddable":true,"href":"https:\/\/www.egemtv.com\/index.php?rest_route=%2Fwp%2Fv2%2Ftags&post=82751"}],"curies":[{"name":"wp","href":"https:\/\/api.w.org\/{rel}","templated":true}]}}