{"id":82745,"date":"2026-01-24T11:34:53","date_gmt":"2026-01-24T08:34:53","guid":{"rendered":"https:\/\/www.egemtv.com\/?p=82745"},"modified":"2026-01-24T11:34:54","modified_gmt":"2026-01-24T08:34:54","slug":"koyun-tek-camisinin-bir-kismi-ve-avlusu-icradan-satiliga-cikarildi","status":"publish","type":"post","link":"https:\/\/www.egemtv.com\/?p=82745","title":{"rendered":"K\u00f6y\u00fcn tek camisinin bir k\u0131sm\u0131 ve avlusu icradan sat\u0131l\u0131\u011fa \u00e7\u0131kar\u0131ld\u0131"},"content":{"rendered":"<p>Denizli\u2019de 25 y\u0131l \u00f6nce mahallelinin cami yap\u0131lmas\u0131 i\u00e7in ba\u011f\u0131\u015flad\u0131\u011f\u0131 arazinin bir k\u0131sm\u0131 ba\u011f\u0131\u015f\u00e7\u0131lardan birinin icra borcu gerek\u00e7e g\u00f6sterilerek sat\u0131\u015fa \u00e7\u0131kar\u0131ld\u0131. Mahallenin i\u00e7me suyunun kar\u015f\u0131land\u0131\u011f\u0131 sondaj kuyusunun da yer ald\u0131\u011f\u0131 cami avlusu ve ibadethanenin bir b\u00f6l\u00fcm\u00fcn\u00fc kapsayan sat\u0131\u015f karar\u0131 mahallede tepkiye sebep oldu.<br \/>\n<br \/>Denizli\u2019nin \u00c7ardak il\u00e7esi G\u00f6lc\u00fck Mahallesi\u2019nde yer alan eski cami hasarl\u0131 olmas\u0131 sebebiyle y\u0131k\u0131ld\u0131. Mahalleli ise k\u00f6yde yeni cami yap\u0131lmas\u0131 i\u00e7in 2000 y\u0131l\u0131nda d\u00f6nemin muhtar\u0131 Osman Y\u00fcnc\u00fc \u00f6nderli\u011finde bir araya geldi. 26 y\u0131l \u00f6nce 12 ba\u011f\u0131\u015f\u00e7\u0131 arazilerini kendi r\u0131zalar\u0131yla ba\u011f\u0131\u015flayarak k\u00f6y\u00fcn yeni camisinin yap\u0131m\u0131na katk\u0131da bulunmak istedi. Ba\u011f\u0131\u015f\u00e7\u0131lar\u0131n destekleriyle mahallenin tek camisi yap\u0131m\u0131 k\u0131sa s\u00fcrede tamamlanarak ibadete a\u00e7\u0131ld\u0131. Ancak aradan ge\u00e7en 25 y\u0131l\u0131n ard\u0131ndan ba\u011f\u0131\u015f yapan ki\u015filerden birinin \u015fahsi icra borcu nedeniyle sat\u0131\u015fa \u00e7\u0131kar\u0131ld\u0131\u011f\u0131 ortaya \u00e7\u0131kt\u0131.<br \/>\n<br \/>Mahallenin i\u00e7me suyu sondaj kuyusu da cami avlusunda yer al\u0131yor<br \/>\n<br \/>Mahallenin tek camisinin kurtar\u0131lmas\u0131n\u0131 isteyen mahalle sakinlerinden Osman Y\u00fcnc\u00fc, &#8220;2000 y\u0131l\u0131na kadar burada hasarl\u0131 bir camimiz vard\u0131. K\u00f6yl\u00fcn\u00fcn giri\u015fimleriyle bu hasarl\u0131 camiyi y\u0131k\u0131larak yeni bir cami yapt\u0131rd\u0131k. K\u00f6yl\u00fclerin katk\u0131s\u0131yla 2001 y\u0131l\u0131nda bu camiyi in\u015faat\u0131na ba\u015flad\u0131k. Ancak bu yapt\u0131\u011f\u0131m\u0131z caminin, arsas\u0131 12 ki\u015fiden hisseli bir araziydi. 12 hissedardan s\u00f6zl\u00fc &#8220;Olur&#8221; ald\u0131k ve arsan\u0131n \u00fczerine bu camiyi in\u015fa ettik. Sonras\u0131nda bu 12 hissedardan 1 tanesinin icral\u0131k olmas\u0131ndan sebeple caminin bir k\u0131sm\u0131n\u0131 i\u00e7erisine girdi\u011fi ekseriya k\u0131sm\u0131n\u0131n bah\u00e7e olarak kullan\u0131ld\u0131\u011f\u0131 arsa sat\u0131l\u0131\u011fa \u00e7\u0131kar\u0131ld\u0131. K\u00f6yde zaten bir tane camimiz var. Bir de k\u00f6y kona\u011f\u0131m\u0131z var. K\u00f6ye hazinesine ait herhangi bir arazimiz veyahut da ba\u015fka bir binam\u0131z yok. Bizler camimizin sat\u0131lmas\u0131n\u0131 istemiyoruz. Yetkili kurumlar\u0131n bizlere yard\u0131mc\u0131 olmas\u0131n\u0131 icral\u0131ktan dolay\u0131 sat\u0131\u015fa \u00e7\u0131kan camimizi kurtar\u0131lmas\u0131n\u0131 istiyoruz. Ayr\u0131ca bir de burada o arsan\u0131n i\u00e7erisinde sondaj i\u00e7me suyu var. Vatanda\u015flar su ihtiya\u00e7lar\u0131n\u0131 buradaki sondajdan kar\u015f\u0131l\u0131yor. \u015eebek suyundan i\u00e7miyorlar sular\u0131. Mahallenin i\u00e7mek i\u00e7in kullanm\u0131\u015f olduklar\u0131 sondaj su da bu arsan\u0131n i\u00e7erisinde oldu\u011fu i\u00e7in o da risk alt\u0131nda&#8221; dedi.<br \/><\/p>\n","protected":false},"excerpt":{"rendered":"<p>Denizli\u2019de 25 y\u0131l \u00f6nce mahallelinin cami yap\u0131lmas\u0131 i\u00e7in ba\u011f\u0131\u015flad\u0131\u011f\u0131 arazinin bir k\u0131sm\u0131 ba\u011f\u0131\u015f\u00e7\u0131lardan birinin icra borcu gerek\u00e7e g\u00f6sterilerek sat\u0131\u015fa \u00e7\u0131kar\u0131ld\u0131. Mahallenin i\u00e7me suyunun kar\u015f\u0131land\u0131\u011f\u0131 sondaj kuyusunun da yer ald\u0131\u011f\u0131 cami avlusu ve ibadethanenin bir b\u00f6l\u00fcm\u00fcn\u00fc kapsayan sat\u0131\u015f karar\u0131 mahallede tepkiye sebep oldu. Denizli\u2019nin \u00c7ardak il\u00e7esi G\u00f6lc\u00fck Mahallesi\u2019nde yer alan eski cami hasarl\u0131 olmas\u0131 sebebiyle y\u0131k\u0131ld\u0131&#8230;.<\/p>\n","protected":false},"author":1,"featured_media":82746,"comment_status":"open","ping_status":"open","sticky":false,"template":"","format":"standard","meta":{"_crdt_document":"","footnotes":""},"categories":[123],"tags":[],"class_list":["post-82745","post","type-post","status-publish","format-standard","has-post-thumbnail","hentry","category-gundem"],"_links":{"self":[{"href":"https:\/\/www.egemtv.com\/index.php?rest_route=\/wp\/v2\/posts\/82745","targetHints":{"allow":["GET"]}}],"collection":[{"href":"https:\/\/www.egemtv.com\/index.php?rest_route=\/wp\/v2\/posts"}],"about":[{"href":"https:\/\/www.egemtv.com\/index.php?rest_route=\/wp\/v2\/types\/post"}],"author":[{"embeddable":true,"href":"https:\/\/www.egemtv.com\/index.php?rest_route=\/wp\/v2\/users\/1"}],"replies":[{"embeddable":true,"href":"https:\/\/www.egemtv.com\/index.php?rest_route=%2Fwp%2Fv2%2Fcomments&post=82745"}],"version-history":[{"count":1,"href":"https:\/\/www.egemtv.com\/index.php?rest_route=\/wp\/v2\/posts\/82745\/revisions"}],"predecessor-version":[{"id":82747,"href":"https:\/\/www.egemtv.com\/index.php?rest_route=\/wp\/v2\/posts\/82745\/revisions\/82747"}],"wp:featuredmedia":[{"embeddable":true,"href":"https:\/\/www.egemtv.com\/index.php?rest_route=\/wp\/v2\/media\/82746"}],"wp:attachment":[{"href":"https:\/\/www.egemtv.com\/index.php?rest_route=%2Fwp%2Fv2%2Fmedia&parent=82745"}],"wp:term":[{"taxonomy":"category","embeddable":true,"href":"https:\/\/www.egemtv.com\/index.php?rest_route=%2Fwp%2Fv2%2Fcategories&post=82745"},{"taxonomy":"post_tag","embeddable":true,"href":"https:\/\/www.egemtv.com\/index.php?rest_route=%2Fwp%2Fv2%2Ftags&post=82745"}],"curies":[{"name":"wp","href":"https:\/\/api.w.org\/{rel}","templated":true}]}}