{"id":82742,"date":"2026-01-24T11:34:52","date_gmt":"2026-01-24T08:34:52","guid":{"rendered":"https:\/\/www.egemtv.com\/?p=82742"},"modified":"2026-01-24T11:34:53","modified_gmt":"2026-01-24T08:34:53","slug":"bergamada-pazar-yeri-cilesi-yagmurda-golet-camurda-gecis-iskencesi","status":"publish","type":"post","link":"https:\/\/www.egemtv.com\/?p=82742","title":{"rendered":"Bergama\u2019da pazar yeri \u00e7ilesi: Ya\u011fmurda g\u00f6let, \u00e7amurda ge\u00e7i\u015f i\u015fkencesi"},"content":{"rendered":"<p>\u0130zmir\u2019in Bergama il\u00e7esi Maltepe Mahallesi\u2019nde her cumartesi kurulan semt pazar\u0131nda, ya\u011f\u0131\u015f sonras\u0131 olu\u015fan su birikintileri ve pazar sonras\u0131 biriken \u00e7\u00f6pler mahalle sakinlerinin tepkisine neden oluyor.<br \/>\n<br \/>Bergama\u2019n\u0131n Maltepe Mahallesi\u2019nde kurulan cumartesi pazar\u0131nda, otopark alan\u0131 ve vatanda\u015flar\u0131n ge\u00e7i\u015f g\u00fczergah\u0131 ya\u011f\u0131\u015fl\u0131 havalarda kullan\u0131lamaz hale geliyor. Ya\u011fmur sonras\u0131 olu\u015fan derin \u00e7ukurlar ve g\u00f6letler nedeniyle b\u00f6lgede ula\u015f\u0131m g\u00fc\u00e7le\u015firken, mahalle sakinleri ve pazarc\u0131 esnaf\u0131 duruma \u00e7\u00f6z\u00fcm bulunmas\u0131n\u0131 istiyor.<\/p>\n<p>\u00c7evre kirlili\u011fi hat safhada<br \/>\n<br \/>S\u00f6z konusu alan\u0131n Maltepe T\u00fcm\u00fcl\u00fcs\u00fc sit alan\u0131 s\u0131n\u0131rlar\u0131 i\u00e7erisinde yer almas\u0131 sebebiyle b\u00f6lgeye asfalt veya beton d\u00f6k\u00fclemiyor. Daha \u00f6nce belediye ekiplerince m\u0131c\u0131r d\u00f6k\u00fclerek ge\u00e7ici iyile\u015ftirme yap\u0131lan alanda, yakla\u015f\u0131k bir y\u0131ld\u0131r herhangi bir \u00e7al\u0131\u015fma y\u00fcr\u00fct\u00fclmedi\u011fi ifade ediliyor. \u00d6zellikle ya\u015fl\u0131, \u00e7ocuk ve engelli vatanda\u015flar, \u00e7amur ve su birikintileri nedeniyle alandan ge\u00e7mekte zorland\u0131klar\u0131n\u0131 belirterek, d\u00fczenli bak\u0131m \u00e7al\u0131\u015fmas\u0131 talep ediyor. B\u00f6lge sakinlerinin bir di\u011fer \u015fikayet konusu ise pazar\u0131n kurulmas\u0131n\u0131n ard\u0131ndan ortaya \u00e7\u0131kan \u00e7evre kirlili\u011fi. Pazar\u0131n sona ermesiyle birlikte tezg\u00e2hlardan geriye kalan sebze, meyve ve ambalaj at\u0131klar\u0131n\u0131n \u00e7evreye geli\u015fig\u00fczel b\u0131rak\u0131lmas\u0131 mahallede kirlili\u011fe neden oluyor. Vatanda\u015flar, pazar sonras\u0131 temizlik \u00e7al\u0131\u015fmalar\u0131n\u0131n daha titiz yap\u0131lmas\u0131 ve denetimlerin art\u0131r\u0131lmas\u0131n\u0131 talep ediyor.<\/p>\n<p>Esnaftan \u2019toplu \u00e7\u00f6p alan\u0131\u2019 talebi<br \/>\n<br \/>Pazarc\u0131 esnaf\u0131 ise kirlili\u011fin \u00f6n\u00fcne ge\u00e7ilmesi i\u00e7in pazar alan\u0131 i\u00e7erisinde belirli bir \u2019toplu \u00e7\u00f6p alan\u0131\u2019 olu\u015fturulmas\u0131n\u0131 \u00f6neriyor. At\u0131klar\u0131n tek bir noktada toplanmas\u0131 halinde temizlik \u00e7al\u0131\u015fmalar\u0131n\u0131n daha h\u0131zl\u0131 ve verimli yap\u0131labilece\u011fini ifade eden esnaf, belediyeden bu konuda ad\u0131m atmas\u0131n\u0131 bekliyor.<br \/><\/p>\n","protected":false},"excerpt":{"rendered":"<p>\u0130zmir\u2019in Bergama il\u00e7esi Maltepe Mahallesi\u2019nde her cumartesi kurulan semt pazar\u0131nda, ya\u011f\u0131\u015f sonras\u0131 olu\u015fan su birikintileri ve pazar sonras\u0131 biriken \u00e7\u00f6pler mahalle sakinlerinin tepkisine neden oluyor. Bergama\u2019n\u0131n Maltepe Mahallesi\u2019nde kurulan cumartesi pazar\u0131nda, otopark alan\u0131 ve vatanda\u015flar\u0131n ge\u00e7i\u015f g\u00fczergah\u0131 ya\u011f\u0131\u015fl\u0131 havalarda kullan\u0131lamaz hale geliyor. Ya\u011fmur sonras\u0131 olu\u015fan derin \u00e7ukurlar ve g\u00f6letler nedeniyle b\u00f6lgede ula\u015f\u0131m g\u00fc\u00e7le\u015firken, mahalle sakinleri&#8230;<\/p>\n","protected":false},"author":1,"featured_media":82743,"comment_status":"open","ping_status":"open","sticky":false,"template":"","format":"standard","meta":{"_crdt_document":"","footnotes":""},"categories":[1],"tags":[],"class_list":["post-82742","post","type-post","status-publish","format-standard","has-post-thumbnail","hentry","category-guncel"],"_links":{"self":[{"href":"https:\/\/www.egemtv.com\/index.php?rest_route=\/wp\/v2\/posts\/82742","targetHints":{"allow":["GET"]}}],"collection":[{"href":"https:\/\/www.egemtv.com\/index.php?rest_route=\/wp\/v2\/posts"}],"about":[{"href":"https:\/\/www.egemtv.com\/index.php?rest_route=\/wp\/v2\/types\/post"}],"author":[{"embeddable":true,"href":"https:\/\/www.egemtv.com\/index.php?rest_route=\/wp\/v2\/users\/1"}],"replies":[{"embeddable":true,"href":"https:\/\/www.egemtv.com\/index.php?rest_route=%2Fwp%2Fv2%2Fcomments&post=82742"}],"version-history":[{"count":1,"href":"https:\/\/www.egemtv.com\/index.php?rest_route=\/wp\/v2\/posts\/82742\/revisions"}],"predecessor-version":[{"id":82744,"href":"https:\/\/www.egemtv.com\/index.php?rest_route=\/wp\/v2\/posts\/82742\/revisions\/82744"}],"wp:featuredmedia":[{"embeddable":true,"href":"https:\/\/www.egemtv.com\/index.php?rest_route=\/wp\/v2\/media\/82743"}],"wp:attachment":[{"href":"https:\/\/www.egemtv.com\/index.php?rest_route=%2Fwp%2Fv2%2Fmedia&parent=82742"}],"wp:term":[{"taxonomy":"category","embeddable":true,"href":"https:\/\/www.egemtv.com\/index.php?rest_route=%2Fwp%2Fv2%2Fcategories&post=82742"},{"taxonomy":"post_tag","embeddable":true,"href":"https:\/\/www.egemtv.com\/index.php?rest_route=%2Fwp%2Fv2%2Ftags&post=82742"}],"curies":[{"name":"wp","href":"https:\/\/api.w.org\/{rel}","templated":true}]}}