{"id":82739,"date":"2026-01-24T11:15:12","date_gmt":"2026-01-24T08:15:12","guid":{"rendered":"https:\/\/www.egemtv.com\/?p=82739"},"modified":"2026-01-24T11:15:14","modified_gmt":"2026-01-24T08:15:14","slug":"soke-spor-kompleksi-acilis-icin-gun-sayiyor","status":"publish","type":"post","link":"https:\/\/www.egemtv.com\/?p=82739","title":{"rendered":"S\u00f6ke Spor Kompleksi a\u00e7\u0131l\u0131\u015f i\u00e7in g\u00fcn say\u0131yor"},"content":{"rendered":"<p>Stadyumdan y\u00fczme havuzuna, spor salonundan gen\u00e7lik merkezine kadar bir\u00e7ok modern tesisi b\u00fcnyesinde bar\u0131nd\u0131ran S\u00f6ke Spor Kompleksi, sporun ve gen\u00e7li\u011fin yeni adresi olmaya haz\u0131rlan\u0131yor.<br \/>\n<br \/>S\u00f6ke\u2019de yap\u0131m\u0131 tamamlanma a\u015famas\u0131na gelen Spor Kompleksi, sahip oldu\u011fu modern altyap\u0131 ve \u00e7ok y\u00f6nl\u00fc tesisleriyle il\u00e7eye b\u00fcy\u00fck bir spor yat\u0131r\u0131m\u0131 kazand\u0131r\u0131yor. Gen\u00e7lik ve Spor Bakanl\u0131\u011f\u0131 ile Ayd\u0131n Gen\u00e7lik ve Spor \u0130l M\u00fcd\u00fcrl\u00fc\u011f\u00fc koordinesinde hayata ge\u00e7irilen kompleks, a\u00e7\u0131l\u0131\u015f i\u00e7in g\u00fcn say\u0131yor. Kompleks b\u00fcnyesinde yer alan stadyum, 214 bin metrekare alan \u00fczerine in\u015fa edilirken 68&#215;105 metre \u00f6l\u00e7\u00fclerinde do\u011fal \u00e7im sahaya sahip olacak. Stadyumda 1 adet bin 500 ki\u015filik, 2 adet ise 672 ki\u015filik olmak \u00fczere toplam \u00fc\u00e7 trib\u00fcn yer al\u0131rken, 5 kulvarl\u0131 atletizm pisti de sporcular\u0131n hizmetine sunulacak. Spor kompleksinde ayr\u0131ca bin metrekare alana in\u015fa edilen 5 kulvarl\u0131 yar\u0131 olimpik y\u00fczme havuzu bulunuyor. Tesiste 9 adet soyunma odas\u0131, du\u015flar, tuvaletler, engelli tuvaleti ve 50 ki\u015filik trib\u00fcn yer al\u0131yor. 2 bin 635 metrekare alanda in\u015fa edilen ve bin ki\u015fi kapasiteli spor salonu ise antrenman ve m\u00fcsabakalar i\u00e7in modern donan\u0131m\u0131yla dikkat \u00e7ekiyor. Spor salonunda 2 antrenman salonu, 4 soyunma odas\u0131, hakem, antren\u00f6r ve g\u00f6zlemci odalar\u0131, doping kontrol odas\u0131, sa\u011fl\u0131k odas\u0131, yay\u0131n odas\u0131 ve VIP dinlenme alanlar\u0131 yer al\u0131yor. Kompleksin \u00f6nemli par\u00e7alar\u0131ndan biri olan Gen\u00e7lik Merkezi ise bin 500 metrekare in\u015faat alan\u0131na sahip. Merkezde konferans salonu, dans dersli\u011fi, k\u00fct\u00fcphane, 6 derslik, \u00f6\u011fretmen odas\u0131, idari birimler ile bay ve bayan mescitler bulunuyor. S\u00f6ke Spor Kompleksi\u2019nin tamamlanmas\u0131yla birlikte il\u00e7ede sporun ve gen\u00e7lik faaliyetlerinin daha modern ve nitelikli alanlarda yap\u0131lmas\u0131 hedeflenirken, konu ile ilgili payla\u015f\u0131m yapan Ayd\u0131n Valisi Yakup Canbolat, a\u00e7\u0131klamas\u0131nda &#8220;S\u00f6ke Spor Kompleksi a\u00e7\u0131l\u0131\u015fa g\u00fcn say\u0131yor. Ayd\u0131n\u0131m\u0131za hay\u0131rl\u0131 olsun&#8221; ifadelerini kulland\u0131.<br \/><\/p>\n","protected":false},"excerpt":{"rendered":"<p>Stadyumdan y\u00fczme havuzuna, spor salonundan gen\u00e7lik merkezine kadar bir\u00e7ok modern tesisi b\u00fcnyesinde bar\u0131nd\u0131ran S\u00f6ke Spor Kompleksi, sporun ve gen\u00e7li\u011fin yeni adresi olmaya haz\u0131rlan\u0131yor. S\u00f6ke\u2019de yap\u0131m\u0131 tamamlanma a\u015famas\u0131na gelen Spor Kompleksi, sahip oldu\u011fu modern altyap\u0131 ve \u00e7ok y\u00f6nl\u00fc tesisleriyle il\u00e7eye b\u00fcy\u00fck bir spor yat\u0131r\u0131m\u0131 kazand\u0131r\u0131yor. Gen\u00e7lik ve Spor Bakanl\u0131\u011f\u0131 ile Ayd\u0131n Gen\u00e7lik ve Spor \u0130l M\u00fcd\u00fcrl\u00fc\u011f\u00fc&#8230;<\/p>\n","protected":false},"author":1,"featured_media":82740,"comment_status":"open","ping_status":"open","sticky":false,"template":"","format":"standard","meta":{"_crdt_document":"","footnotes":""},"categories":[4],"tags":[],"class_list":["post-82739","post","type-post","status-publish","format-standard","has-post-thumbnail","hentry","category-spor"],"_links":{"self":[{"href":"https:\/\/www.egemtv.com\/index.php?rest_route=\/wp\/v2\/posts\/82739","targetHints":{"allow":["GET"]}}],"collection":[{"href":"https:\/\/www.egemtv.com\/index.php?rest_route=\/wp\/v2\/posts"}],"about":[{"href":"https:\/\/www.egemtv.com\/index.php?rest_route=\/wp\/v2\/types\/post"}],"author":[{"embeddable":true,"href":"https:\/\/www.egemtv.com\/index.php?rest_route=\/wp\/v2\/users\/1"}],"replies":[{"embeddable":true,"href":"https:\/\/www.egemtv.com\/index.php?rest_route=%2Fwp%2Fv2%2Fcomments&post=82739"}],"version-history":[{"count":1,"href":"https:\/\/www.egemtv.com\/index.php?rest_route=\/wp\/v2\/posts\/82739\/revisions"}],"predecessor-version":[{"id":82741,"href":"https:\/\/www.egemtv.com\/index.php?rest_route=\/wp\/v2\/posts\/82739\/revisions\/82741"}],"wp:featuredmedia":[{"embeddable":true,"href":"https:\/\/www.egemtv.com\/index.php?rest_route=\/wp\/v2\/media\/82740"}],"wp:attachment":[{"href":"https:\/\/www.egemtv.com\/index.php?rest_route=%2Fwp%2Fv2%2Fmedia&parent=82739"}],"wp:term":[{"taxonomy":"category","embeddable":true,"href":"https:\/\/www.egemtv.com\/index.php?rest_route=%2Fwp%2Fv2%2Fcategories&post=82739"},{"taxonomy":"post_tag","embeddable":true,"href":"https:\/\/www.egemtv.com\/index.php?rest_route=%2Fwp%2Fv2%2Ftags&post=82739"}],"curies":[{"name":"wp","href":"https:\/\/api.w.org\/{rel}","templated":true}]}}