{"id":82733,"date":"2026-01-24T10:54:53","date_gmt":"2026-01-24T07:54:53","guid":{"rendered":"https:\/\/www.egemtv.com\/?p=82733"},"modified":"2026-01-24T10:54:54","modified_gmt":"2026-01-24T07:54:54","slug":"yerel-yonetimlerde-sosyal-belediyecilik-calismalari-degerlendirildi","status":"publish","type":"post","link":"https:\/\/www.egemtv.com\/?p=82733","title":{"rendered":"Yerel y\u00f6netimlerde sosyal belediyecilik \u00e7al\u0131\u015fmalar\u0131 de\u011ferlendirildi"},"content":{"rendered":"<p>K\u00fctahya Belediye Ba\u015fkan\u0131 Ey\u00fcp Kahveci, Afyonkarahisar Belediye Ba\u015fkan\u0131 Burcu K\u00f6ksal\u2019\u0131 makam\u0131nda ziyaret etti.<br \/>\n<br \/>Ger\u00e7ekle\u015ftirilen ziyarette, iki belediye aras\u0131nda geli\u015ftirilebilecek i\u015f birli\u011fi imkanlar\u0131 ele al\u0131nd\u0131. Ziyarette, sosyal belediyecilik anlay\u0131\u015f\u0131 do\u011frultusunda y\u00fcr\u00fct\u00fclen \u00e7al\u0131\u015fmalar ve iyi uygulama \u00f6rnekleri \u00fczerine kar\u015f\u0131l\u0131kl\u0131 g\u00f6r\u00fc\u015f al\u0131\u015fveri\u015finde bulunuldu. Yerel y\u00f6netimlerin vatanda\u015f odakl\u0131 hizmet anlay\u0131\u015f\u0131yla hayata ge\u00e7irdi\u011fi projeler de\u011ferlendirilirken, \u015fehirlerin sosyal ve k\u00fclt\u00fcrel geli\u015fimine katk\u0131 sunabilecek ortak \u00e7al\u0131\u015fmalar hakk\u0131nda isti\u015fareler ger\u00e7ekle\u015ftirildi.<br \/>\n<br \/>Samimi bir ortamda ge\u00e7en g\u00f6r\u00fc\u015fme, kar\u015f\u0131l\u0131kl\u0131 iyi niyet temennilerinin ard\u0131ndan hat\u0131ra foto\u011fraf\u0131 \u00e7ekimiyle sona erdi.<br \/><\/p>\n","protected":false},"excerpt":{"rendered":"<p>K\u00fctahya Belediye Ba\u015fkan\u0131 Ey\u00fcp Kahveci, Afyonkarahisar Belediye Ba\u015fkan\u0131 Burcu K\u00f6ksal\u2019\u0131 makam\u0131nda ziyaret etti. Ger\u00e7ekle\u015ftirilen ziyarette, iki belediye aras\u0131nda geli\u015ftirilebilecek i\u015f birli\u011fi imkanlar\u0131 ele al\u0131nd\u0131. Ziyarette, sosyal belediyecilik anlay\u0131\u015f\u0131 do\u011frultusunda y\u00fcr\u00fct\u00fclen \u00e7al\u0131\u015fmalar ve iyi uygulama \u00f6rnekleri \u00fczerine kar\u015f\u0131l\u0131kl\u0131 g\u00f6r\u00fc\u015f al\u0131\u015fveri\u015finde bulunuldu. Yerel y\u00f6netimlerin vatanda\u015f odakl\u0131 hizmet anlay\u0131\u015f\u0131yla hayata ge\u00e7irdi\u011fi projeler de\u011ferlendirilirken, \u015fehirlerin sosyal ve k\u00fclt\u00fcrel geli\u015fimine&#8230;<\/p>\n","protected":false},"author":1,"featured_media":82734,"comment_status":"open","ping_status":"open","sticky":false,"template":"","format":"standard","meta":{"_crdt_document":"","footnotes":""},"categories":[123],"tags":[],"class_list":["post-82733","post","type-post","status-publish","format-standard","has-post-thumbnail","hentry","category-gundem"],"_links":{"self":[{"href":"https:\/\/www.egemtv.com\/index.php?rest_route=\/wp\/v2\/posts\/82733","targetHints":{"allow":["GET"]}}],"collection":[{"href":"https:\/\/www.egemtv.com\/index.php?rest_route=\/wp\/v2\/posts"}],"about":[{"href":"https:\/\/www.egemtv.com\/index.php?rest_route=\/wp\/v2\/types\/post"}],"author":[{"embeddable":true,"href":"https:\/\/www.egemtv.com\/index.php?rest_route=\/wp\/v2\/users\/1"}],"replies":[{"embeddable":true,"href":"https:\/\/www.egemtv.com\/index.php?rest_route=%2Fwp%2Fv2%2Fcomments&post=82733"}],"version-history":[{"count":1,"href":"https:\/\/www.egemtv.com\/index.php?rest_route=\/wp\/v2\/posts\/82733\/revisions"}],"predecessor-version":[{"id":82735,"href":"https:\/\/www.egemtv.com\/index.php?rest_route=\/wp\/v2\/posts\/82733\/revisions\/82735"}],"wp:featuredmedia":[{"embeddable":true,"href":"https:\/\/www.egemtv.com\/index.php?rest_route=\/wp\/v2\/media\/82734"}],"wp:attachment":[{"href":"https:\/\/www.egemtv.com\/index.php?rest_route=%2Fwp%2Fv2%2Fmedia&parent=82733"}],"wp:term":[{"taxonomy":"category","embeddable":true,"href":"https:\/\/www.egemtv.com\/index.php?rest_route=%2Fwp%2Fv2%2Fcategories&post=82733"},{"taxonomy":"post_tag","embeddable":true,"href":"https:\/\/www.egemtv.com\/index.php?rest_route=%2Fwp%2Fv2%2Ftags&post=82733"}],"curies":[{"name":"wp","href":"https:\/\/api.w.org\/{rel}","templated":true}]}}