{"id":82718,"date":"2026-01-24T10:34:57","date_gmt":"2026-01-24T07:34:57","guid":{"rendered":"https:\/\/www.egemtv.com\/?p=82718"},"modified":"2026-01-24T10:34:58","modified_gmt":"2026-01-24T07:34:58","slug":"manisada-ekipler-yagisa-karsi-sahada","status":"publish","type":"post","link":"https:\/\/www.egemtv.com\/?p=82718","title":{"rendered":"Manisa\u2019da ekipler ya\u011f\u0131\u015fa kar\u015f\u0131 sahada"},"content":{"rendered":"<p>Manisa genelinde etkili olan sa\u011fanak ya\u011f\u0131\u015f nedeniyle Manisa B\u00fcy\u00fck\u015fehir Belediyesi ile Manisa Su ve Kanalizasyon \u0130daresi (MASK\u0130) Genel M\u00fcd\u00fcrl\u00fc\u011f\u00fc ekipleri, ya\u015fanabilecek olumsuzluklar\u0131n \u00f6n\u00fcne ge\u00e7mek amac\u0131yla sahadaki \u00e7al\u0131\u015fmalar\u0131n\u0131 aral\u0131ks\u0131z s\u00fcrd\u00fcr\u00fcyor.<br \/>\n<br \/>Ya\u011f\u0131\u015f\u0131n ba\u015flamas\u0131yla birlikte teyakkuza ge\u00e7en B\u00fcy\u00fck\u015fehir Belediyesi ve MASK\u0130 ekipleri, vatanda\u015flar\u0131n ma\u011fduriyet ya\u015famamas\u0131 i\u00e7in il genelinde yo\u011fun mesai harc\u0131yor. Ya\u011fmurla birlikte s\u00fcr\u00fcklenen malzemelerin ya\u011fmur suyu \u0131zgaralar\u0131n\u0131 t\u0131kamamas\u0131 i\u00e7in koordineli temizlik \u00e7al\u0131\u015fmalar\u0131 yapan ekipler, kanalizasyon hatlar\u0131nda da gerekli m\u00fcdahaleleri ger\u00e7ekle\u015ftirerek suyun sa\u011fl\u0131kl\u0131 \u015fekilde tahliyesini sa\u011fl\u0131yor. Ekipler, a\u011fa\u00e7 devrilmeleri, su bask\u0131nlar\u0131, ta\u015fk\u0131nlar ve ula\u015f\u0131m\u0131 olumsuz etkileyebilecek risklere kar\u015f\u0131 sahada aktif g\u00f6rev yap\u0131yor.<\/p>\n<p>Kanalizasyonlar\u0131 t\u0131kayan at\u0131klar temizlendi<br \/>\n<br \/>MASK\u0130 ekipleri taraf\u0131ndan ya\u011fmur suyu ve kanalizasyon hatlar\u0131nda y\u00fcr\u00fct\u00fclen \u00e7al\u0131\u015fmalarda, ak\u0131\u015f\u0131 engelleyen \u00e7\u00f6p ve at\u0131klar temizlendi. Ekipler, kanalizasyon hatlar\u0131na at\u0131lan \u00e7\u00f6plerin ta\u015fk\u0131nlara yol a\u00e7t\u0131\u011f\u0131n\u0131 belirterek vatanda\u015flar\u0131 daha duyarl\u0131 olmaya davet etti. At\u0131klar\u0131n \u00e7\u00f6p kutular\u0131na at\u0131lmas\u0131 gerekti\u011fini vurgulayan ekipler, bu konuda g\u00f6sterilecek hassasiyetin ya\u015fanabilecek ma\u011fduriyetlerin \u00f6n\u00fcne ge\u00e7ece\u011fini ifade etti.<\/p>\n<p>\u00c7al\u0131\u015fmalar s\u00fcrecek<br \/>\n<br \/>Ya\u011f\u0131\u015f\u0131n seyrine g\u00f6re \u00e7al\u0131\u015fmalar\u0131n artarak devam edece\u011fi bildirildi. Vatanda\u015flar\u0131n ya\u011f\u0131\u015f nedeniyle ya\u015fanabilecek olumsuzluklara kar\u015f\u0131 h\u0131zl\u0131 destek alabilmeleri i\u00e7in MASK\u0130 ALO 185 \u00c7a\u011fr\u0131 Merkezi ile ALO 153 \u00c7\u00f6z\u00fcm Merkezi\u2019ni arayabilecekleri hat\u0131rlat\u0131ld\u0131. \u0130hbarlar\u0131n an\u0131nda saha ekiplerine y\u00f6nlendirildi\u011fi ve sorunlara k\u0131sa s\u00fcrede m\u00fcdahale edildi\u011fi belirtildi.<br \/><\/p>\n","protected":false},"excerpt":{"rendered":"<p>Manisa genelinde etkili olan sa\u011fanak ya\u011f\u0131\u015f nedeniyle Manisa B\u00fcy\u00fck\u015fehir Belediyesi ile Manisa Su ve Kanalizasyon \u0130daresi (MASK\u0130) Genel M\u00fcd\u00fcrl\u00fc\u011f\u00fc ekipleri, ya\u015fanabilecek olumsuzluklar\u0131n \u00f6n\u00fcne ge\u00e7mek amac\u0131yla sahadaki \u00e7al\u0131\u015fmalar\u0131n\u0131 aral\u0131ks\u0131z s\u00fcrd\u00fcr\u00fcyor. Ya\u011f\u0131\u015f\u0131n ba\u015flamas\u0131yla birlikte teyakkuza ge\u00e7en B\u00fcy\u00fck\u015fehir Belediyesi ve MASK\u0130 ekipleri, vatanda\u015flar\u0131n ma\u011fduriyet ya\u015famamas\u0131 i\u00e7in il genelinde yo\u011fun mesai harc\u0131yor. Ya\u011fmurla birlikte s\u00fcr\u00fcklenen malzemelerin ya\u011fmur suyu \u0131zgaralar\u0131n\u0131&#8230;<\/p>\n","protected":false},"author":1,"featured_media":82719,"comment_status":"open","ping_status":"open","sticky":false,"template":"","format":"standard","meta":{"_crdt_document":"","footnotes":""},"categories":[1],"tags":[],"class_list":["post-82718","post","type-post","status-publish","format-standard","has-post-thumbnail","hentry","category-guncel"],"_links":{"self":[{"href":"https:\/\/www.egemtv.com\/index.php?rest_route=\/wp\/v2\/posts\/82718","targetHints":{"allow":["GET"]}}],"collection":[{"href":"https:\/\/www.egemtv.com\/index.php?rest_route=\/wp\/v2\/posts"}],"about":[{"href":"https:\/\/www.egemtv.com\/index.php?rest_route=\/wp\/v2\/types\/post"}],"author":[{"embeddable":true,"href":"https:\/\/www.egemtv.com\/index.php?rest_route=\/wp\/v2\/users\/1"}],"replies":[{"embeddable":true,"href":"https:\/\/www.egemtv.com\/index.php?rest_route=%2Fwp%2Fv2%2Fcomments&post=82718"}],"version-history":[{"count":1,"href":"https:\/\/www.egemtv.com\/index.php?rest_route=\/wp\/v2\/posts\/82718\/revisions"}],"predecessor-version":[{"id":82720,"href":"https:\/\/www.egemtv.com\/index.php?rest_route=\/wp\/v2\/posts\/82718\/revisions\/82720"}],"wp:featuredmedia":[{"embeddable":true,"href":"https:\/\/www.egemtv.com\/index.php?rest_route=\/wp\/v2\/media\/82719"}],"wp:attachment":[{"href":"https:\/\/www.egemtv.com\/index.php?rest_route=%2Fwp%2Fv2%2Fmedia&parent=82718"}],"wp:term":[{"taxonomy":"category","embeddable":true,"href":"https:\/\/www.egemtv.com\/index.php?rest_route=%2Fwp%2Fv2%2Fcategories&post=82718"},{"taxonomy":"post_tag","embeddable":true,"href":"https:\/\/www.egemtv.com\/index.php?rest_route=%2Fwp%2Fv2%2Ftags&post=82718"}],"curies":[{"name":"wp","href":"https:\/\/api.w.org\/{rel}","templated":true}]}}