{"id":82715,"date":"2026-01-24T10:14:48","date_gmt":"2026-01-24T07:14:48","guid":{"rendered":"https:\/\/www.egemtv.com\/?p=82715"},"modified":"2026-01-24T10:14:49","modified_gmt":"2026-01-24T07:14:49","slug":"murat-dagi-termal-kayak-merkezi-somestirde-tatilcilerin-gozdesi-oldu","status":"publish","type":"post","link":"https:\/\/www.egemtv.com\/?p=82715","title":{"rendered":"Murat Da\u011f\u0131 Termal Kayak Merkezi, s\u00f6mestirde tatilcilerin g\u00f6zdesi oldu"},"content":{"rendered":"<p>K\u00fctahya\u2019n\u0131n Gediz il\u00e7esinde bulunan ve kayak ile termal turizmi bir arada sunan 2 bin 300 rak\u0131ml\u0131 Murat Da\u011f\u0131 Termal Kayak Merkezi, s\u00f6mestir tatiline \u00e7\u0131kan \u00f6\u011frenciler ve ailelerinin yo\u011fun ilgisiyle kar\u015f\u0131la\u015ft\u0131.<br \/>\n<br \/>Gediz il\u00e7e merkezine 27 kilometre uzakl\u0131kta yer alan Murat Da\u011f\u0131, ayn\u0131 zamanda K\u00fctahya b\u00f6lgesinin en y\u00fcksek da\u011f\u0131 olma \u00f6zelli\u011fini ta\u015f\u0131yor. Kar kal\u0131nl\u0131\u011f\u0131n\u0131n 60 santimetreye ula\u015ft\u0131\u011f\u0131 b\u00f6lgede tatilciler, k\u0131\u015f\u0131n keyfini doyas\u0131ya \u00e7\u0131kar\u0131yor.<br \/>\n<br \/>S\u00f6mestir tatilini f\u0131rsat bilen \u00f6\u011frenciler ve aileleri, Murat Da\u011f\u0131\u2019ndaki kayak pistlerinde kayak, snowboard ve \u00e7e\u015fitli k\u0131\u015f aktiviteleriyle e\u011flenceli vakit ge\u00e7iriyor. 2 bin 300 rak\u0131mdaki pistlere \u00e7\u0131kan ziyaret\u00e7iler, hem do\u011fan\u0131n hem de kar\u0131n tad\u0131n\u0131 \u00e7\u0131kar\u0131yor.<br \/>\n<br \/>Murat Da\u011f\u0131\u2019n\u0131n, kayak ve termal turizmi bir arada sunabilen T\u00fcrkiye\u2019deki nadir b\u00f6lgeler aras\u0131nda yer ald\u0131\u011f\u0131 belirtilirken, kayak yapan vatanda\u015flar sunulan hizmetlerden duyduklar\u0131 memnuniyeti dile getirerek yetkililere te\u015fekk\u00fcr ettiler.<br \/><\/p>\n","protected":false},"excerpt":{"rendered":"<p>K\u00fctahya\u2019n\u0131n Gediz il\u00e7esinde bulunan ve kayak ile termal turizmi bir arada sunan 2 bin 300 rak\u0131ml\u0131 Murat Da\u011f\u0131 Termal Kayak Merkezi, s\u00f6mestir tatiline \u00e7\u0131kan \u00f6\u011frenciler ve ailelerinin yo\u011fun ilgisiyle kar\u015f\u0131la\u015ft\u0131. Gediz il\u00e7e merkezine 27 kilometre uzakl\u0131kta yer alan Murat Da\u011f\u0131, ayn\u0131 zamanda K\u00fctahya b\u00f6lgesinin en y\u00fcksek da\u011f\u0131 olma \u00f6zelli\u011fini ta\u015f\u0131yor. Kar kal\u0131nl\u0131\u011f\u0131n\u0131n 60 santimetreye ula\u015ft\u0131\u011f\u0131&#8230;<\/p>\n","protected":false},"author":1,"featured_media":82716,"comment_status":"open","ping_status":"open","sticky":false,"template":"","format":"standard","meta":{"_crdt_document":"","footnotes":""},"categories":[1],"tags":[],"class_list":["post-82715","post","type-post","status-publish","format-standard","has-post-thumbnail","hentry","category-guncel"],"_links":{"self":[{"href":"https:\/\/www.egemtv.com\/index.php?rest_route=\/wp\/v2\/posts\/82715","targetHints":{"allow":["GET"]}}],"collection":[{"href":"https:\/\/www.egemtv.com\/index.php?rest_route=\/wp\/v2\/posts"}],"about":[{"href":"https:\/\/www.egemtv.com\/index.php?rest_route=\/wp\/v2\/types\/post"}],"author":[{"embeddable":true,"href":"https:\/\/www.egemtv.com\/index.php?rest_route=\/wp\/v2\/users\/1"}],"replies":[{"embeddable":true,"href":"https:\/\/www.egemtv.com\/index.php?rest_route=%2Fwp%2Fv2%2Fcomments&post=82715"}],"version-history":[{"count":1,"href":"https:\/\/www.egemtv.com\/index.php?rest_route=\/wp\/v2\/posts\/82715\/revisions"}],"predecessor-version":[{"id":82717,"href":"https:\/\/www.egemtv.com\/index.php?rest_route=\/wp\/v2\/posts\/82715\/revisions\/82717"}],"wp:featuredmedia":[{"embeddable":true,"href":"https:\/\/www.egemtv.com\/index.php?rest_route=\/wp\/v2\/media\/82716"}],"wp:attachment":[{"href":"https:\/\/www.egemtv.com\/index.php?rest_route=%2Fwp%2Fv2%2Fmedia&parent=82715"}],"wp:term":[{"taxonomy":"category","embeddable":true,"href":"https:\/\/www.egemtv.com\/index.php?rest_route=%2Fwp%2Fv2%2Fcategories&post=82715"},{"taxonomy":"post_tag","embeddable":true,"href":"https:\/\/www.egemtv.com\/index.php?rest_route=%2Fwp%2Fv2%2Ftags&post=82715"}],"curies":[{"name":"wp","href":"https:\/\/api.w.org\/{rel}","templated":true}]}}