{"id":82712,"date":"2026-01-24T00:54:28","date_gmt":"2026-01-23T21:54:28","guid":{"rendered":"https:\/\/www.egemtv.com\/?p=82712"},"modified":"2026-01-24T00:54:29","modified_gmt":"2026-01-23T21:54:29","slug":"datcada-viraji-alamayan-tir-devrildi-1-yarali","status":"publish","type":"post","link":"https:\/\/www.egemtv.com\/?p=82712","title":{"rendered":"Dat\u00e7a\u2019da viraj\u0131 alamayan t\u0131r devrildi: 1 yaral\u0131"},"content":{"rendered":"<p>Mu\u011fla\u2019n\u0131n Dat\u00e7a il\u00e7esinde viraj\u0131 alamayan t\u0131r\u0131n devrilmesi sonucu meydana gelen trafik kazas\u0131nda 1 ki\u015fi yaraland\u0131.<br \/>\n<br \/>Kaza, Emecik Mahallesi\u2019nde saat 17.00 s\u0131ralar\u0131nda meydana geldi. Edinilen bilgiye g\u00f6re, F.\u00d6. (36) idaresindeki 35 AKC 322 plakal\u0131 t\u0131r, seyir halindeyken keskin viraj\u0131 alamayarak savruldu. Yoldan \u00e7\u0131kan t\u0131r devrilirken, s\u00fcr\u00fcc\u00fcs\u00fc de ara\u00e7 i\u00e7erisinde s\u0131k\u0131\u015ft\u0131. Kazay\u0131 g\u00f6renler durumu 112 Acil \u00c7a\u011fr\u0131 Merkezi\u2019ne bildirdi. \u0130hbar \u00fczerine b\u00f6lgeye sa\u011fl\u0131k, polis ve itfaiye ekipleri sevk edildi. K\u0131sa s\u00fcrede olay yerine gelen Mu\u011fla B\u00fcy\u00fck\u015fehir Belediyesi \u0130tfaiye Daire Ba\u015fkanl\u0131\u011f\u0131 ekipleri s\u00fcr\u00fcc\u00fcy\u00fc s\u0131k\u0131\u015ft\u0131\u011f\u0131 yerden \u00e7\u0131kartarak sa\u011fl\u0131k ekiplerine teslim etti. Sa\u011fl\u0131k ekiplerince de ilk m\u00fcdahalesi yap\u0131lan F.\u00d6. ambuansla hastaneye kald\u0131r\u0131ld\u0131. Hastanede tedavi alt\u0131na al\u0131nan t\u0131r s\u00fcr\u00fcc\u00fcs\u00fcn\u00fcn sa\u011fl\u0131k durumunun iyi oldu\u011fu \u00f6\u011frenildi.<br \/>\n<br \/>Kazayla ilgili soru\u015fturma s\u00fcr\u00fcyor.<br \/><\/p>\n","protected":false},"excerpt":{"rendered":"<p>Mu\u011fla\u2019n\u0131n Dat\u00e7a il\u00e7esinde viraj\u0131 alamayan t\u0131r\u0131n devrilmesi sonucu meydana gelen trafik kazas\u0131nda 1 ki\u015fi yaraland\u0131. Kaza, Emecik Mahallesi\u2019nde saat 17.00 s\u0131ralar\u0131nda meydana geldi. Edinilen bilgiye g\u00f6re, F.\u00d6. (36) idaresindeki 35 AKC 322 plakal\u0131 t\u0131r, seyir halindeyken keskin viraj\u0131 alamayarak savruldu. Yoldan \u00e7\u0131kan t\u0131r devrilirken, s\u00fcr\u00fcc\u00fcs\u00fc de ara\u00e7 i\u00e7erisinde s\u0131k\u0131\u015ft\u0131. Kazay\u0131 g\u00f6renler durumu 112 Acil \u00c7a\u011fr\u0131&#8230;<\/p>\n","protected":false},"author":1,"featured_media":82713,"comment_status":"open","ping_status":"open","sticky":false,"template":"","format":"standard","meta":{"_crdt_document":"","footnotes":""},"categories":[5],"tags":[],"class_list":["post-82712","post","type-post","status-publish","format-standard","has-post-thumbnail","hentry","category-asayis"],"_links":{"self":[{"href":"https:\/\/www.egemtv.com\/index.php?rest_route=\/wp\/v2\/posts\/82712","targetHints":{"allow":["GET"]}}],"collection":[{"href":"https:\/\/www.egemtv.com\/index.php?rest_route=\/wp\/v2\/posts"}],"about":[{"href":"https:\/\/www.egemtv.com\/index.php?rest_route=\/wp\/v2\/types\/post"}],"author":[{"embeddable":true,"href":"https:\/\/www.egemtv.com\/index.php?rest_route=\/wp\/v2\/users\/1"}],"replies":[{"embeddable":true,"href":"https:\/\/www.egemtv.com\/index.php?rest_route=%2Fwp%2Fv2%2Fcomments&post=82712"}],"version-history":[{"count":1,"href":"https:\/\/www.egemtv.com\/index.php?rest_route=\/wp\/v2\/posts\/82712\/revisions"}],"predecessor-version":[{"id":82714,"href":"https:\/\/www.egemtv.com\/index.php?rest_route=\/wp\/v2\/posts\/82712\/revisions\/82714"}],"wp:featuredmedia":[{"embeddable":true,"href":"https:\/\/www.egemtv.com\/index.php?rest_route=\/wp\/v2\/media\/82713"}],"wp:attachment":[{"href":"https:\/\/www.egemtv.com\/index.php?rest_route=%2Fwp%2Fv2%2Fmedia&parent=82712"}],"wp:term":[{"taxonomy":"category","embeddable":true,"href":"https:\/\/www.egemtv.com\/index.php?rest_route=%2Fwp%2Fv2%2Fcategories&post=82712"},{"taxonomy":"post_tag","embeddable":true,"href":"https:\/\/www.egemtv.com\/index.php?rest_route=%2Fwp%2Fv2%2Ftags&post=82712"}],"curies":[{"name":"wp","href":"https:\/\/api.w.org\/{rel}","templated":true}]}}