{"id":82709,"date":"2026-01-24T00:14:38","date_gmt":"2026-01-23T21:14:38","guid":{"rendered":"https:\/\/www.egemtv.com\/?p=82709"},"modified":"2026-01-24T00:14:39","modified_gmt":"2026-01-23T21:14:39","slug":"golmarmarada-kuyumcu-soygunu-zanlilari-izmirde-yakalandi","status":"publish","type":"post","link":"https:\/\/www.egemtv.com\/?p=82709","title":{"rendered":"G\u00f6lmarmara\u2019da kuyumcu soygunu zanl\u0131lar\u0131 \u0130zmir\u2019de yakaland\u0131"},"content":{"rendered":"<p>Manisa\u2019n\u0131n G\u00f6lmarmara il\u00e7esinde maskeli ve pompal\u0131 t\u00fcfekle kuyumcuyu soyan iki \u015f\u00fcpheli, \u00e7ald\u0131klar\u0131 alt\u0131nlar ve su\u00e7 aletiyle birlikte \u0130zmir\u2019de yakaland\u0131.<br \/>\n<br \/>Edinilen bilgilere g\u00f6re, 23 Ocak g\u00fcn\u00fc saat 10.00 s\u0131ralar\u0131nda G\u00f6lmarmara il\u00e7esi Atat\u00fcrk Mahallesi Atat\u00fcrk Bulvar\u0131 \u00fczerinde bulunan Okan Kuyumculuk isimli i\u015f yerine y\u00fcz\u00fc maskeli ve elinde pompal\u0131 t\u00fcfek bulunan bir \u015fah\u0131s geldi. \u015e\u00fcpheli, silah\u0131 i\u015f yeri \u00e7al\u0131\u015fan\u0131na do\u011frultarak 4 adet alt\u0131n kelep\u00e7e bilezik ile 4 tablo i\u00e7erisinde bulunan toplam 100 adet alt\u0131n y\u00fcz\u00fc\u011f\u00fc bir \u00e7antaya koydu. Olay\u0131n ard\u0131ndan \u015f\u00fcpheli, i\u015f yeri \u00f6n\u00fcnde bekleyen beyaz renkli ve plakas\u0131z bir araca binerek olay yerinden uzakla\u015ft\u0131.<br \/>\n<br \/>Olay\u0131n ard\u0131ndan Asayi\u015f \u015eube M\u00fcd\u00fcrl\u00fc\u011f\u00fc, \u0130stihbarat \u015eube M\u00fcd\u00fcrl\u00fc\u011f\u00fc, G\u00f6lmarmara \u0130l\u00e7e Emniyet M\u00fcd\u00fcrl\u00fc\u011f\u00fc ve \u0130l\u00e7e Jandarma Komutanl\u0131\u011f\u0131 ekipleri taraf\u0131ndan ba\u015flat\u0131lan \u00e7al\u0131\u015fmalarda, \u015f\u00fcpheli arac\u0131n plakas\u0131 tespit edilerek \u0130zmir iline gitti\u011fi belirlendi. \u0130zmir Asayi\u015f \u015eube M\u00fcd\u00fcrl\u00fc\u011f\u00fc ile yap\u0131lan m\u00fc\u015fterek \u00e7al\u0131\u015fmalar sonucunda, olay\u0131 ger\u00e7ekle\u015ftirdikleri belirlenen H.S. (26) ve Y.G. (39) isimli \u015f\u00fcpheliler \u0130zmir\u2019de yakaland\u0131.<br \/>\n<br \/>\u015eah\u0131slar\u0131n i\u015f yerinden \u00e7ald\u0131klar\u0131 alt\u0131nlar ile olayda kullan\u0131lan pompal\u0131 t\u00fcfek, Saruhanl\u0131 il\u00e7esi Heybeli Mahallesi k\u0131rsal\u0131nda bulunan ormanl\u0131k alanda gizlenmi\u015f halde ele ge\u00e7irildi. Yakalanan iki \u015f\u00fcpheli Manisa\u2019ya getirilerek g\u00f6zalt\u0131na al\u0131nd\u0131. \u015e\u00fcphelilerin emniyetteki i\u015flemlerinin ard\u0131ndan adli makamlara sevk edilece\u011fi \u00f6\u011frenildi.<br \/><\/p>\n","protected":false},"excerpt":{"rendered":"<p>Manisa\u2019n\u0131n G\u00f6lmarmara il\u00e7esinde maskeli ve pompal\u0131 t\u00fcfekle kuyumcuyu soyan iki \u015f\u00fcpheli, \u00e7ald\u0131klar\u0131 alt\u0131nlar ve su\u00e7 aletiyle birlikte \u0130zmir\u2019de yakaland\u0131. Edinilen bilgilere g\u00f6re, 23 Ocak g\u00fcn\u00fc saat 10.00 s\u0131ralar\u0131nda G\u00f6lmarmara il\u00e7esi Atat\u00fcrk Mahallesi Atat\u00fcrk Bulvar\u0131 \u00fczerinde bulunan Okan Kuyumculuk isimli i\u015f yerine y\u00fcz\u00fc maskeli ve elinde pompal\u0131 t\u00fcfek bulunan bir \u015fah\u0131s geldi. \u015e\u00fcpheli, silah\u0131 i\u015f yeri&#8230;<\/p>\n","protected":false},"author":1,"featured_media":82710,"comment_status":"open","ping_status":"open","sticky":false,"template":"","format":"standard","meta":{"_crdt_document":"","footnotes":""},"categories":[5],"tags":[],"class_list":["post-82709","post","type-post","status-publish","format-standard","has-post-thumbnail","hentry","category-asayis"],"_links":{"self":[{"href":"https:\/\/www.egemtv.com\/index.php?rest_route=\/wp\/v2\/posts\/82709","targetHints":{"allow":["GET"]}}],"collection":[{"href":"https:\/\/www.egemtv.com\/index.php?rest_route=\/wp\/v2\/posts"}],"about":[{"href":"https:\/\/www.egemtv.com\/index.php?rest_route=\/wp\/v2\/types\/post"}],"author":[{"embeddable":true,"href":"https:\/\/www.egemtv.com\/index.php?rest_route=\/wp\/v2\/users\/1"}],"replies":[{"embeddable":true,"href":"https:\/\/www.egemtv.com\/index.php?rest_route=%2Fwp%2Fv2%2Fcomments&post=82709"}],"version-history":[{"count":1,"href":"https:\/\/www.egemtv.com\/index.php?rest_route=\/wp\/v2\/posts\/82709\/revisions"}],"predecessor-version":[{"id":82711,"href":"https:\/\/www.egemtv.com\/index.php?rest_route=\/wp\/v2\/posts\/82709\/revisions\/82711"}],"wp:featuredmedia":[{"embeddable":true,"href":"https:\/\/www.egemtv.com\/index.php?rest_route=\/wp\/v2\/media\/82710"}],"wp:attachment":[{"href":"https:\/\/www.egemtv.com\/index.php?rest_route=%2Fwp%2Fv2%2Fmedia&parent=82709"}],"wp:term":[{"taxonomy":"category","embeddable":true,"href":"https:\/\/www.egemtv.com\/index.php?rest_route=%2Fwp%2Fv2%2Fcategories&post=82709"},{"taxonomy":"post_tag","embeddable":true,"href":"https:\/\/www.egemtv.com\/index.php?rest_route=%2Fwp%2Fv2%2Ftags&post=82709"}],"curies":[{"name":"wp","href":"https:\/\/api.w.org\/{rel}","templated":true}]}}