{"id":82700,"date":"2026-01-23T20:54:27","date_gmt":"2026-01-23T17:54:27","guid":{"rendered":"https:\/\/www.egemtv.com\/?p=82700"},"modified":"2026-01-23T20:54:28","modified_gmt":"2026-01-23T17:54:28","slug":"ak-partili-eski-vekil-altay-hayatini-kaybetti","status":"publish","type":"post","link":"https:\/\/www.egemtv.com\/?p=82700","title":{"rendered":"AK Partili eski vekil Altay hayat\u0131n\u0131 kaybetti"},"content":{"rendered":"<p>Eski AK Parti U\u015fak Milletvekili Mehmet Altay, tedavi g\u00f6rd\u00fc\u011f\u00fc hastanede hayat\u0131n\u0131 kaybetti.<br \/>\n<br \/>53 ya\u015f\u0131ndaki Eski AK Parti U\u015fak Milletvekili Mehmet Altay\u2019\u0131n bir s\u00fcredir onkolojik rahats\u0131zl\u0131kla m\u00fccadele etti\u011fi belirtildi. Rahats\u0131zl\u0131\u011f\u0131 nedeniyle 16 Ocak tarihinde U\u015fak E\u011fitim ve Ara\u015ft\u0131rma Hastanesi\u2019ne yat\u0131r\u0131lan Altay, sa\u011fl\u0131k durumunun a\u011f\u0131rla\u015fmas\u0131 \u00fczerine 20 Ocak\u2019ta yo\u011fun bak\u0131m \u00fcnitesine al\u0131nd\u0131. Kemoterapi s\u00fcrecinin ard\u0131ndan yo\u011fun bak\u0131mda tedavisi s\u00fcrd\u00fcr\u00fclen Altay, yap\u0131lan t\u00fcm m\u00fcdahalelere ra\u011fmen kurtar\u0131lamad\u0131.<br \/>\n<br \/>AK Parti U\u015fak \u0130l Ba\u015fkanl\u0131\u011f\u0131 taraf\u0131ndan yap\u0131lan yaz\u0131l\u0131 a\u00e7\u0131klamada, Altay\u2019\u0131n vefat\u0131n\u0131n derin \u00fcz\u00fcnt\u00fcyle kar\u015f\u0131land\u0131\u011f\u0131 belirtilerek, &#8220;Uzun y\u0131llar \u015fehrimize hizmet etmi\u015f olan \u00f6nceki d\u00f6nem Milletvekilimiz Mehmet Altay abimizin vefat\u0131n\u0131 b\u00fcy\u00fck bir \u00fcz\u00fcnt\u00fcyle \u00f6\u011frenmi\u015f bulunuyoruz. Merhuma Cenab-\u0131 Allah\u2019tan rahmet; kederli ailesine, yak\u0131nlar\u0131na, te\u015fkilat\u0131m\u0131za ve t\u00fcm hem\u015fehrilerimize sab\u0131r ve ba\u015fsa\u011fl\u0131\u011f\u0131 diliyoruz&#8221; ifadelerine yer verildi.<br \/>\n<br \/>Mehmet Altay\u2019\u0131n cenazesinin, 24 Ocak 2026 Cumartesi g\u00fcn\u00fc Ulubey il\u00e7esi Halil Efendi Camii\u2019nde ikindi namaz\u0131na m\u00fcteakip k\u0131l\u0131nacak cenaze namaz\u0131n\u0131n ard\u0131ndan Ulubey Mezarl\u0131\u011f\u0131\u2019nda defnedilece\u011fi bildirildi.<br \/><\/p>\n","protected":false},"excerpt":{"rendered":"<p>Eski AK Parti U\u015fak Milletvekili Mehmet Altay, tedavi g\u00f6rd\u00fc\u011f\u00fc hastanede hayat\u0131n\u0131 kaybetti. 53 ya\u015f\u0131ndaki Eski AK Parti U\u015fak Milletvekili Mehmet Altay\u2019\u0131n bir s\u00fcredir onkolojik rahats\u0131zl\u0131kla m\u00fccadele etti\u011fi belirtildi. Rahats\u0131zl\u0131\u011f\u0131 nedeniyle 16 Ocak tarihinde U\u015fak E\u011fitim ve Ara\u015ft\u0131rma Hastanesi\u2019ne yat\u0131r\u0131lan Altay, sa\u011fl\u0131k durumunun a\u011f\u0131rla\u015fmas\u0131 \u00fczerine 20 Ocak\u2019ta yo\u011fun bak\u0131m \u00fcnitesine al\u0131nd\u0131. Kemoterapi s\u00fcrecinin ard\u0131ndan yo\u011fun bak\u0131mda&#8230;<\/p>\n","protected":false},"author":1,"featured_media":82701,"comment_status":"open","ping_status":"open","sticky":false,"template":"","format":"standard","meta":{"_crdt_document":"","footnotes":""},"categories":[123],"tags":[],"class_list":["post-82700","post","type-post","status-publish","format-standard","has-post-thumbnail","hentry","category-gundem"],"_links":{"self":[{"href":"https:\/\/www.egemtv.com\/index.php?rest_route=\/wp\/v2\/posts\/82700","targetHints":{"allow":["GET"]}}],"collection":[{"href":"https:\/\/www.egemtv.com\/index.php?rest_route=\/wp\/v2\/posts"}],"about":[{"href":"https:\/\/www.egemtv.com\/index.php?rest_route=\/wp\/v2\/types\/post"}],"author":[{"embeddable":true,"href":"https:\/\/www.egemtv.com\/index.php?rest_route=\/wp\/v2\/users\/1"}],"replies":[{"embeddable":true,"href":"https:\/\/www.egemtv.com\/index.php?rest_route=%2Fwp%2Fv2%2Fcomments&post=82700"}],"version-history":[{"count":1,"href":"https:\/\/www.egemtv.com\/index.php?rest_route=\/wp\/v2\/posts\/82700\/revisions"}],"predecessor-version":[{"id":82702,"href":"https:\/\/www.egemtv.com\/index.php?rest_route=\/wp\/v2\/posts\/82700\/revisions\/82702"}],"wp:featuredmedia":[{"embeddable":true,"href":"https:\/\/www.egemtv.com\/index.php?rest_route=\/wp\/v2\/media\/82701"}],"wp:attachment":[{"href":"https:\/\/www.egemtv.com\/index.php?rest_route=%2Fwp%2Fv2%2Fmedia&parent=82700"}],"wp:term":[{"taxonomy":"category","embeddable":true,"href":"https:\/\/www.egemtv.com\/index.php?rest_route=%2Fwp%2Fv2%2Fcategories&post=82700"},{"taxonomy":"post_tag","embeddable":true,"href":"https:\/\/www.egemtv.com\/index.php?rest_route=%2Fwp%2Fv2%2Ftags&post=82700"}],"curies":[{"name":"wp","href":"https:\/\/api.w.org\/{rel}","templated":true}]}}