{"id":82697,"date":"2026-01-23T20:34:27","date_gmt":"2026-01-23T17:34:27","guid":{"rendered":"https:\/\/www.egemtv.com\/?p=82697"},"modified":"2026-01-23T20:34:28","modified_gmt":"2026-01-23T17:34:28","slug":"muglada-sahte-hesap-uzerinden-devlet-buyuklerine-hakaret-sorusturmasinda-2-tutuklama","status":"publish","type":"post","link":"https:\/\/www.egemtv.com\/?p=82697","title":{"rendered":"Mu\u011fla\u2019da sahte hesap \u00fczerinden \u2018devlet b\u00fcy\u00fcklerine hakaret\u2019 soru\u015fturmas\u0131nda 2 tutuklama"},"content":{"rendered":"<p>Mu\u011fla\u2019da \u2018Sakaralt\u0131-Sakar\u00fcst\u00fc\u2019 adl\u0131 sosyal medya sayfas\u0131na y\u00f6nelik devlet b\u00fcy\u00fcklerine hakaret su\u00e7lamas\u0131yla ba\u015flat\u0131lan soru\u015fturma kapsam\u0131nda g\u00f6zalt\u0131na al\u0131nan 9 \u015f\u00fcpheliden 2\u2019si \u00e7\u0131kar\u0131ld\u0131klar\u0131 mahkemece tutukland\u0131.<br \/>\n<br \/>Mu\u011fla \u0130l Emniyet M\u00fcd\u00fcrl\u00fc\u011f\u00fc Siber Su\u00e7larla M\u00fccadele \u015eube M\u00fcd\u00fcrl\u00fc\u011f\u00fc ile Ka\u00e7ak\u00e7\u0131l\u0131k ve Organize Su\u00e7larla M\u00fccadele (KOM) \u015eube M\u00fcd\u00fcrl\u00fc\u011f\u00fc ekiplerinin koordinasyonunda; Mente\u015fe, Bodrum, Marmaris, Fethiye ve Seydikemer il\u00e7elerinde e\u015f zamanl\u0131 operasyonlar d\u00fczenlendi. Operasyonlarda, kamuoyunu yan\u0131ltmaya y\u00f6nelik i\u00e7erikler \u00fcrettikleri ve sahte hesaplar \u00fczerinden hedef g\u00f6sterme, itibars\u0131zla\u015ft\u0131rma ve tehdit ama\u00e7l\u0131 payla\u015f\u0131mlar yapt\u0131klar\u0131 \u00f6ne s\u00fcr\u00fclen 9 \u015f\u00fcpheli yakalanarak g\u00f6zalt\u0131na al\u0131nd\u0131. \u015e\u00fcphelilerden bir ki\u015fi Emniyetteki ifadesinin ard\u0131ndan serbest b\u0131rak\u0131ld\u0131.<br \/>\n<br \/>Emniyetteki i\u015flemlerinin ard\u0131ndan adliyeye sevk edilen K\u00fcr\u015fat K. ve Cemal D. \u00e7\u0131kar\u0131ld\u0131klar\u0131 mahkemece tutukland\u0131. \u015e\u00fcphelilerden S.\u00dc.\u00d6. hakk\u0131nda elektronik kelep\u00e7eli ev hapsi karar\u0131 verildi. Di\u011fer \u015f\u00fcpheliler P.B., S.K., S.C.S., H.D. ve \u0130.B. ise adli kontrol \u015fart\u0131yla serbest b\u0131rak\u0131ld\u0131.<br \/><\/p>\n","protected":false},"excerpt":{"rendered":"<p>Mu\u011fla\u2019da \u2018Sakaralt\u0131-Sakar\u00fcst\u00fc\u2019 adl\u0131 sosyal medya sayfas\u0131na y\u00f6nelik devlet b\u00fcy\u00fcklerine hakaret su\u00e7lamas\u0131yla ba\u015flat\u0131lan soru\u015fturma kapsam\u0131nda g\u00f6zalt\u0131na al\u0131nan 9 \u015f\u00fcpheliden 2\u2019si \u00e7\u0131kar\u0131ld\u0131klar\u0131 mahkemece tutukland\u0131. Mu\u011fla \u0130l Emniyet M\u00fcd\u00fcrl\u00fc\u011f\u00fc Siber Su\u00e7larla M\u00fccadele \u015eube M\u00fcd\u00fcrl\u00fc\u011f\u00fc ile Ka\u00e7ak\u00e7\u0131l\u0131k ve Organize Su\u00e7larla M\u00fccadele (KOM) \u015eube M\u00fcd\u00fcrl\u00fc\u011f\u00fc ekiplerinin koordinasyonunda; Mente\u015fe, Bodrum, Marmaris, Fethiye ve Seydikemer il\u00e7elerinde e\u015f zamanl\u0131 operasyonlar d\u00fczenlendi. Operasyonlarda, kamuoyunu&#8230;<\/p>\n","protected":false},"author":1,"featured_media":82698,"comment_status":"open","ping_status":"open","sticky":false,"template":"","format":"standard","meta":{"_crdt_document":"","footnotes":""},"categories":[5],"tags":[],"class_list":["post-82697","post","type-post","status-publish","format-standard","has-post-thumbnail","hentry","category-asayis"],"_links":{"self":[{"href":"https:\/\/www.egemtv.com\/index.php?rest_route=\/wp\/v2\/posts\/82697","targetHints":{"allow":["GET"]}}],"collection":[{"href":"https:\/\/www.egemtv.com\/index.php?rest_route=\/wp\/v2\/posts"}],"about":[{"href":"https:\/\/www.egemtv.com\/index.php?rest_route=\/wp\/v2\/types\/post"}],"author":[{"embeddable":true,"href":"https:\/\/www.egemtv.com\/index.php?rest_route=\/wp\/v2\/users\/1"}],"replies":[{"embeddable":true,"href":"https:\/\/www.egemtv.com\/index.php?rest_route=%2Fwp%2Fv2%2Fcomments&post=82697"}],"version-history":[{"count":1,"href":"https:\/\/www.egemtv.com\/index.php?rest_route=\/wp\/v2\/posts\/82697\/revisions"}],"predecessor-version":[{"id":82699,"href":"https:\/\/www.egemtv.com\/index.php?rest_route=\/wp\/v2\/posts\/82697\/revisions\/82699"}],"wp:featuredmedia":[{"embeddable":true,"href":"https:\/\/www.egemtv.com\/index.php?rest_route=\/wp\/v2\/media\/82698"}],"wp:attachment":[{"href":"https:\/\/www.egemtv.com\/index.php?rest_route=%2Fwp%2Fv2%2Fmedia&parent=82697"}],"wp:term":[{"taxonomy":"category","embeddable":true,"href":"https:\/\/www.egemtv.com\/index.php?rest_route=%2Fwp%2Fv2%2Fcategories&post=82697"},{"taxonomy":"post_tag","embeddable":true,"href":"https:\/\/www.egemtv.com\/index.php?rest_route=%2Fwp%2Fv2%2Ftags&post=82697"}],"curies":[{"name":"wp","href":"https:\/\/api.w.org\/{rel}","templated":true}]}}