{"id":82694,"date":"2026-01-23T20:14:46","date_gmt":"2026-01-23T17:14:46","guid":{"rendered":"https:\/\/www.egemtv.com\/?p=82694"},"modified":"2026-01-23T20:14:47","modified_gmt":"2026-01-23T17:14:47","slug":"bakan-tekinden-chp-ve-ibbye-kres-tepkisi-chp-mensuplari-erkekseniz-gelin-kapatin-diye-hukuk-devletiyle-asla-bagdasmayacak-cumleler-kurdular","status":"publish","type":"post","link":"https:\/\/www.egemtv.com\/?p=82694","title":{"rendered":"Bakan Tekin\u2019den CHP ve \u0130BB\u2019ye kre\u015f tepkisi: &#8220;CHP mensuplar\u0131 \u2019erkekseniz gelin kapat\u0131n\u2019 diye hukuk devletiyle asla ba\u011fda\u015fmayacak c\u00fcmleler kurdular&#8221;"},"content":{"rendered":"<p>Milli E\u011fitim Bakan\u0131 Yusuf Tekin, \u0130stanbul B\u00fcy\u00fck\u015fehir Belediyesine (\u0130BB) ba\u011fl\u0131 kre\u015fte bir \u00e7ocu\u011fa y\u00f6nelik darp ve istismar iddialar\u0131na ili\u015fkin, &#8220;CHP mensuplar\u0131, milletvekilleri, genel ba\u015fkan\u0131 bizi yerden yere vurdu. \u2019Erkekseniz gelin kapat\u0131n\u2019 diye hukuk devletiyle asla ba\u011fda\u015fmayacak c\u00fcmleler kurdular. Bak\u0131n son iki g\u00fcnd\u00fcr ya\u015fad\u0131\u011f\u0131m\u0131z bir tart\u0131\u015fma var. Ne kadar hakl\u0131 oldu\u011fumuzu bir kez daha ortaya \u00e7\u0131kard\u0131&#8221; dedi.<br \/>\n<br \/>K\u00fctahya\u2019da AK Parti \u0130l Kad\u0131n Kollar\u0131 Dan\u0131\u015fma Meclisi Toplant\u0131s\u0131\u2019nda yapt\u0131\u011f\u0131 konu\u015fmada, ba\u015f\u00f6rt\u00fcs\u00fc yasa\u011f\u0131 d\u00f6nemine, kad\u0131nlar\u0131n kamusal alandan d\u0131\u015fland\u0131\u011f\u0131 y\u0131llara ve \u0130stanbul B\u00fcy\u00fck\u015fehir Belediyesi\u2019nin (\u0130BB) a\u00e7t\u0131\u011f\u0131 kre\u015flere ili\u015fkin dikkat \u00e7eken a\u00e7\u0131klamalarda bulundu.<\/p>\n<p>Milli E\u011fitim Bakan\u0131 Yusuf Tekin, K\u00fctahya\u2019da AK Parti \u0130l Kad\u0131n Kollar\u0131 Dan\u0131\u015fma Meclisi Toplant\u0131s\u0131\u2019na kat\u0131ld\u0131. Ge\u00e7mi\u015fte ya\u015fanan ba\u015f\u00f6rt\u00fcs\u00fc uygulamalar\u0131na de\u011finen Bakan Tekin, 1990\u2019l\u0131 y\u0131llar\u0131n sonunda kamusal alanda ya\u015fanan \u00f6rnekleri hat\u0131rlatarak, &#8220;\u00dcniversitenin t\u0131p fak\u00fcltesinde ba\u015f\u00f6rt\u00fcl\u00fc hastalarla ilgili olarak \u2019buras\u0131 kamusal alan\u2019 diyen hekimler vard\u0131. Daha trajik bir \u00f6rnek ise; elektrik faturas\u0131 \u00f6demek i\u00e7in gelen bir kad\u0131na bile ba\u015f\u00f6rt\u00fcl\u00fc girdi\u011fi i\u00e7in \u2019Buras\u0131 kamusal alan bu \u015fekilde i\u00e7eriye giremezsin\u2019 denilen bir T\u00fcrkiye ya\u015fad\u0131k. Bunlar milattan \u00f6nce falan bahsetmiyorum ben. 1990\u2019l\u0131 y\u0131llar\u0131n sonundan bahsediyorum. \u0130nsanlar\u0131n k\u0131l\u0131\u011f\u0131ndan, k\u0131yafetinden, inanc\u0131ndan dolay\u0131 \u00f6zellikle kad\u0131nlar\u0131n kamusal hayat\u0131 tamamen d\u0131\u015f\u0131na at\u0131ld\u0131\u011f\u0131, d\u0131\u015f\u0131na itildi\u011fi bir T\u00fcrkiye ya\u015f\u0131yorduk&#8221; dedi.<\/p>\n<p>&#8220;Kad\u0131nlar kamusal hayatta \u00f6zg\u00fcrce yer almaya ba\u015flad\u0131&#8221;<br \/>\n<br \/>Cumhurba\u015fkan\u0131 Recep Tayyip Erdo\u011fan\u2019\u0131n liderli\u011finde kad\u0131nlar\u0131n kamusal hayattaki yerinin g\u00fc\u00e7lendi\u011fini vurgulayan Bakan Tekin, kad\u0131n te\u015fkilatlar\u0131na te\u015fekk\u00fcr ederek, &#8220;Say\u0131n Cumhurba\u015fkan\u0131m\u0131z siyasette kendisine bu kadar yo\u011fun destek veren kad\u0131nlar\u0131n \u00fclkenin toplumsal yap\u0131s\u0131nda \u00fclkenin kamusal hizmetleri y\u00fcr\u00fct\u00fcld\u00fc\u011f\u00fc sekt\u00f6rlerin tamam\u0131nda kad\u0131nlar\u0131n kendi kimlikleriyle, k\u0131l\u0131klar\u0131yla, k\u0131yafetleriyle, \u00f6zg\u00fcr bir bi\u00e7imde \u00e7al\u0131\u015fabilmelerini \u00f6n\u00fcne a\u00e7t\u0131k. Bunlarla uzun uzun anlatmak konu\u015fmak m\u00fcmk\u00fcn. Fakat ben bir \u015fey s\u00f6yl\u00fcyorum te\u015fkilat toplant\u0131lar\u0131nda Say\u0131n Cumhurba\u015fkan\u0131m\u0131z, Ba\u015fbakan ve Cumhurba\u015fkan\u0131 olarak bizler bakan olarak \u00e7al\u0131\u015f\u0131yoruz. Biz e\u011fer iyi \u015feyler yap\u0131yorsak sizin sayenizde yap\u0131yoruz. E\u011fer siz AK Kad\u0131nlar, AK Parti Te\u015fkilatlar\u0131, Cumhur \u0130ttifak\u0131\u2019na mensup siyasi partilerin taban\u0131n\u0131 te\u015fkil eden ki\u015filer bize destek olmasayd\u0131n\u0131z, bizi desteklemezseniz biz bunlar\u0131 yapamay\u0131z. Bizi se\u00e7mezseniz biz bug\u00fcn koltuklarda olamay\u0131z. Bize destek vermezseniz e\u011fer bu kadar b\u00fcy\u00fck ses \u00e7\u0131kartan muhalefete ra\u011fmen bu i\u015fleri yapamay\u0131z. O y\u00fczden ben hepinize i\u00e7tenlikle te\u015fekk\u00fcr ediyorum&#8221; dedi.<\/p>\n<p>&#8220;Muhafazakar demokrat kimli\u011fimiz toplumsal de\u011ferlere sahip \u00e7\u0131kmakt\u0131r&#8221;<br \/>\n<br \/>Muhafazakar demokrat anlay\u0131\u015f\u0131n temelinde adalet ve hukuk oldu\u011funu belirten Bakan Tekin, &#8220;Biz toplumun de\u011ferlerine s\u0131k\u0131 s\u0131k\u0131ya sahip \u00e7\u0131kmak istiyoruz. Muhafazakar, demokrat dedi\u011fimiz kimlik bizim a\u00e7\u0131m\u0131zdan bu anlama geliyor. Muhafazakarl\u0131\u011f\u0131m\u0131z yani toplumsal de\u011ferlerimizi korumak konusunda kararl\u0131 bir iktidar\u0131z. b\u00fct\u00fcn bu ad\u0131mlar\u0131 atarken M\u00fcsl\u00fcman olma hassasiyetine sahip bir bi\u00e7imde kul hakk\u0131 yemeden adil bir bi\u00e7imde adalet bizim i\u00e7in \u00e7ok kritik. b\u00fct\u00fcn bu ad\u0131mlar\u0131m\u0131z\u0131 atarken hukuka uygun davran\u0131yoruz\u2019\u2019 \u015feklinde konu\u015ftu.<\/p>\n<p>&#8220;Seyyar sat\u0131c\u0131 bile ruhsat al\u0131yor&#8221;<br \/>\n<br \/>\u0130BB ile ge\u00e7mi\u015fte ya\u015fanan kre\u015f tart\u0131\u015fmas\u0131na de\u011finen Bakan Tekin, ruhsat ve standart vurgusu yaparak, &#8220;Bundan 2 y\u0131l \u00f6nce ya\u015fad\u0131\u011f\u0131m\u0131z bir tart\u0131\u015fma vard\u0131. D\u00f6nemin \u0130stanbul B\u00fcy\u00fck\u015fehir Belediye Ba\u015fkan\u0131\u2019yla bir tart\u0131\u015fmaya girdik. D\u00f6nemin \u0130stanbul B\u00fcy\u00fck\u015fehir Belediye Ba\u015fkan\u0131 \u2019ben kre\u015f a\u00e7\u0131yorum, anaokulu a\u00e7\u0131yorum\u2019 diyor. Ben de bakan olarak diyorum ki \u2019nerede a\u00e7\u0131yorsunuz bunlar\u0131, ben g\u00f6rm\u00fcyorum\u2019. \u2019Yok, a\u00e7\u0131yorum\u2019 diyor. Hukuk devletinde bir kurum a\u00e7mak i\u00e7in, \u015furada seyyar sat\u0131c\u0131lar bile gidiyor belediyeden ruhsat al\u0131yor. Kriterler var, standartlar var, o standartlar\u0131 yerine getiriyor. Ondan sonra kamu hizmet yap\u0131yor. Peki siz vatanda\u015f\u0131n \u00e7ocu\u011funu emanet al\u0131yorsunuz. O \u00e7ocu\u011fa g\u00fcvenli bir ortam sundu\u011funuzu, o \u00e7ocu\u011fun can g\u00fcvenli\u011fini teminat alt\u0131na ald\u0131\u011f\u0131n\u0131z\u0131 bana garanti edebilir misiniz? O zaman buna hakk\u0131n\u0131z yok, bunu yapamazs\u0131n\u0131z diye, tart\u0131\u015fmaya girmi\u015ftim d\u00f6nemin \u0130BB ba\u015fkan\u0131yla&#8221; dedi.<\/p>\n<p>&#8220;Standartlar\u0131 sa\u011flay\u0131n, ruhsat\u0131 verelim, denetleyelim&#8221;<br \/>\n<br \/>Bakan Tekin, bu s\u00fcre\u00e7te resmi yaz\u0131 yazd\u0131\u011f\u0131n\u0131 belirterek, &#8220;Bir resmi yaz\u0131 yazd\u0131m. Resmi yaz\u0131da ona dedim ki; bunu yapmak istiyorsan\u0131z gelin bize deyin ki biz bunu yapmak istiyoruz. Bizim standartlar\u0131m\u0131z\u0131 sa\u011flay\u0131n bizde size hak verelim. Gerekti\u011finde de sizi denetleyelim istiyoruz bizim standartlar\u0131m\u0131z\u0131 sa\u011flay\u0131n, biz de size ruhsat verelim. Gerekti\u011finde sizi denetleyelim&#8221; dedid<\/p>\n<p>&#8220;Bu s\u00f6zler hukuk devletiyle ba\u011fda\u015fmaz&#8221;<br \/>\n<br \/>CHP cephesinden gelen tepkilere de de\u011finen Bakan Tekin, &#8220;Cumhuriyet Halk Partisi mensuplar\u0131, milletvekilleri, genel ba\u015fkan\u0131 bizi yerden yere vurdu. \u2019Erkekseniz gelin kapat\u0131n\u2019 diye hukuk devletiyle asla ba\u011fda\u015fmayacak c\u00fcmleler kurdular televizyon ekranlar\u0131nda. Hat\u0131rl\u0131yorsunuz de\u011fil mi?&#8221; dedi.<\/p>\n<p>\u00dc\u00e7 ya\u015f\u0131ndaki \u00e7ocu\u011fa y\u00f6nelik taciz iddias\u0131<br \/>\n<br \/>\u0130BB\u2019ye ait oldu\u011fu iddia edilen bir kre\u015fte ya\u015fanan olaylara dikkat \u00e7eken Bakan Tekin, &#8220;Bak\u0131n son iki g\u00fcnd\u00fcr ya\u015fad\u0131\u011f\u0131m\u0131z bir tart\u0131\u015fma var. Ne kadar hakl\u0131 oldu\u011fumuzu bir kez daha ortaya \u00e7\u0131kard\u0131. \u00dc\u00e7 ya\u015f\u0131ndaki bir \u00e7ocu\u011fa \u0130stanbul B\u00fcy\u00fck\u015fehir Belediyesi\u2019nin a\u00e7t\u0131\u011f\u0131n\u0131 iddia etti\u011fi kre\u015flerde uygulanan taciz. Arkada\u015flar biz yapt\u0131\u011f\u0131m\u0131z her i\u015fi dedi\u011fim gibi hukuk devleti ilkesine uygun olarak yapmakla m\u00fckellefiz ve bu \u015fekilde de davran\u0131yoruz. Bunu niye yap\u0131yoruz bunlar\u0131? \u00c7\u00fcnk\u00fc biz vatanda\u015ftan oy isterken dedik ki biz muhafazakar\u0131z.<br \/>\n<br \/>Biz kul hakk\u0131 yemeyece\u011fiz, adil davranaca\u011f\u0131z. Biz hukuki davranaca\u011f\u0131z. Siz de bizim ad\u0131m\u0131za sokakta, esnafla, hanelerde ziyaretlerde bizim ad\u0131m\u0131za bunu taahh\u00fct ettiniz&#8221; dedi.<br \/><\/p>\n","protected":false},"excerpt":{"rendered":"<p>Milli E\u011fitim Bakan\u0131 Yusuf Tekin, \u0130stanbul B\u00fcy\u00fck\u015fehir Belediyesine (\u0130BB) ba\u011fl\u0131 kre\u015fte bir \u00e7ocu\u011fa y\u00f6nelik darp ve istismar iddialar\u0131na ili\u015fkin, &#8220;CHP mensuplar\u0131, milletvekilleri, genel ba\u015fkan\u0131 bizi yerden yere vurdu. \u2019Erkekseniz gelin kapat\u0131n\u2019 diye hukuk devletiyle asla ba\u011fda\u015fmayacak c\u00fcmleler kurdular. Bak\u0131n son iki g\u00fcnd\u00fcr ya\u015fad\u0131\u011f\u0131m\u0131z bir tart\u0131\u015fma var. Ne kadar hakl\u0131 oldu\u011fumuzu bir kez daha ortaya \u00e7\u0131kard\u0131&#8221;&#8230;<\/p>\n","protected":false},"author":1,"featured_media":82695,"comment_status":"open","ping_status":"open","sticky":false,"template":"","format":"standard","meta":{"_crdt_document":"","footnotes":""},"categories":[127],"tags":[],"class_list":["post-82694","post","type-post","status-publish","format-standard","has-post-thumbnail","hentry","category-siyaset"],"_links":{"self":[{"href":"https:\/\/www.egemtv.com\/index.php?rest_route=\/wp\/v2\/posts\/82694","targetHints":{"allow":["GET"]}}],"collection":[{"href":"https:\/\/www.egemtv.com\/index.php?rest_route=\/wp\/v2\/posts"}],"about":[{"href":"https:\/\/www.egemtv.com\/index.php?rest_route=\/wp\/v2\/types\/post"}],"author":[{"embeddable":true,"href":"https:\/\/www.egemtv.com\/index.php?rest_route=\/wp\/v2\/users\/1"}],"replies":[{"embeddable":true,"href":"https:\/\/www.egemtv.com\/index.php?rest_route=%2Fwp%2Fv2%2Fcomments&post=82694"}],"version-history":[{"count":1,"href":"https:\/\/www.egemtv.com\/index.php?rest_route=\/wp\/v2\/posts\/82694\/revisions"}],"predecessor-version":[{"id":82696,"href":"https:\/\/www.egemtv.com\/index.php?rest_route=\/wp\/v2\/posts\/82694\/revisions\/82696"}],"wp:featuredmedia":[{"embeddable":true,"href":"https:\/\/www.egemtv.com\/index.php?rest_route=\/wp\/v2\/media\/82695"}],"wp:attachment":[{"href":"https:\/\/www.egemtv.com\/index.php?rest_route=%2Fwp%2Fv2%2Fmedia&parent=82694"}],"wp:term":[{"taxonomy":"category","embeddable":true,"href":"https:\/\/www.egemtv.com\/index.php?rest_route=%2Fwp%2Fv2%2Fcategories&post=82694"},{"taxonomy":"post_tag","embeddable":true,"href":"https:\/\/www.egemtv.com\/index.php?rest_route=%2Fwp%2Fv2%2Ftags&post=82694"}],"curies":[{"name":"wp","href":"https:\/\/api.w.org\/{rel}","templated":true}]}}