{"id":82691,"date":"2026-01-23T20:14:45","date_gmt":"2026-01-23T17:14:45","guid":{"rendered":"https:\/\/www.egemtv.com\/?p=82691"},"modified":"2026-01-23T20:14:46","modified_gmt":"2026-01-23T17:14:46","slug":"izmirde-mezarlikta-poset-icerisinden-binlerce-uyusturucu-hap-cikti","status":"publish","type":"post","link":"https:\/\/www.egemtv.com\/?p=82691","title":{"rendered":"\u0130zmir\u2019de mezarl\u0131kta po\u015fet i\u00e7erisinden binlerce uyu\u015fturucu hap \u00e7\u0131kt\u0131"},"content":{"rendered":"<p>\u0130zmir\u2019de bir vatanda\u015f\u0131n babas\u0131n\u0131n mezar\u0131n\u0131 ziyareti s\u0131ras\u0131nda buldu\u011fu po\u015fetin i\u00e7erisinden binlerce adet uyu\u015fturucu hap \u00e7\u0131kt\u0131.<br \/>\n<br \/>Edinilen bilgiye g\u00f6re olay, So\u011fukkuyu Mezarl\u0131\u011f\u0131 i\u00e7erisinde meydana geldi. Babas\u0131n\u0131n mezar\u0131n\u0131 ziyarete gelen bir vatanda\u015f, mezar\u0131n yan\u0131nda \u015f\u00fcpheli siyah bir po\u015fet fark etti. Durumun 112 Acil \u00c7a\u011fr\u0131 Merkezine bildirilmesi \u00fczerine b\u00f6lgeye polis ekipleri sevk edildi. Polis ekipleri taraf\u0131ndan po\u015fet i\u00e7erisinde yap\u0131lan kontrollerde 79 adet beyaz kutu oldu\u011fu tespit edildi. Kutular incelendi\u011finde, i\u00e7erisinde toplam 4 bin 357 adet sentetik ecza hap oldu\u011fu belirlendi. Ele ge\u00e7irilen uyu\u015fturucu maddeler gerekli i\u015flemlerin yap\u0131lmas\u0131 i\u00e7in Yamanlar Polis Merkezi Amirli\u011fine teslim edildi.<br \/><\/p>\n","protected":false},"excerpt":{"rendered":"<p>\u0130zmir\u2019de bir vatanda\u015f\u0131n babas\u0131n\u0131n mezar\u0131n\u0131 ziyareti s\u0131ras\u0131nda buldu\u011fu po\u015fetin i\u00e7erisinden binlerce adet uyu\u015fturucu hap \u00e7\u0131kt\u0131. Edinilen bilgiye g\u00f6re olay, So\u011fukkuyu Mezarl\u0131\u011f\u0131 i\u00e7erisinde meydana geldi. Babas\u0131n\u0131n mezar\u0131n\u0131 ziyarete gelen bir vatanda\u015f, mezar\u0131n yan\u0131nda \u015f\u00fcpheli siyah bir po\u015fet fark etti. Durumun 112 Acil \u00c7a\u011fr\u0131 Merkezine bildirilmesi \u00fczerine b\u00f6lgeye polis ekipleri sevk edildi. Polis ekipleri taraf\u0131ndan po\u015fet i\u00e7erisinde&#8230;<\/p>\n","protected":false},"author":1,"featured_media":82692,"comment_status":"open","ping_status":"open","sticky":false,"template":"","format":"standard","meta":{"_crdt_document":"","footnotes":""},"categories":[5],"tags":[],"class_list":["post-82691","post","type-post","status-publish","format-standard","has-post-thumbnail","hentry","category-asayis"],"_links":{"self":[{"href":"https:\/\/www.egemtv.com\/index.php?rest_route=\/wp\/v2\/posts\/82691","targetHints":{"allow":["GET"]}}],"collection":[{"href":"https:\/\/www.egemtv.com\/index.php?rest_route=\/wp\/v2\/posts"}],"about":[{"href":"https:\/\/www.egemtv.com\/index.php?rest_route=\/wp\/v2\/types\/post"}],"author":[{"embeddable":true,"href":"https:\/\/www.egemtv.com\/index.php?rest_route=\/wp\/v2\/users\/1"}],"replies":[{"embeddable":true,"href":"https:\/\/www.egemtv.com\/index.php?rest_route=%2Fwp%2Fv2%2Fcomments&post=82691"}],"version-history":[{"count":1,"href":"https:\/\/www.egemtv.com\/index.php?rest_route=\/wp\/v2\/posts\/82691\/revisions"}],"predecessor-version":[{"id":82693,"href":"https:\/\/www.egemtv.com\/index.php?rest_route=\/wp\/v2\/posts\/82691\/revisions\/82693"}],"wp:featuredmedia":[{"embeddable":true,"href":"https:\/\/www.egemtv.com\/index.php?rest_route=\/wp\/v2\/media\/82692"}],"wp:attachment":[{"href":"https:\/\/www.egemtv.com\/index.php?rest_route=%2Fwp%2Fv2%2Fmedia&parent=82691"}],"wp:term":[{"taxonomy":"category","embeddable":true,"href":"https:\/\/www.egemtv.com\/index.php?rest_route=%2Fwp%2Fv2%2Fcategories&post=82691"},{"taxonomy":"post_tag","embeddable":true,"href":"https:\/\/www.egemtv.com\/index.php?rest_route=%2Fwp%2Fv2%2Ftags&post=82691"}],"curies":[{"name":"wp","href":"https:\/\/api.w.org\/{rel}","templated":true}]}}