{"id":82688,"date":"2026-01-23T19:54:44","date_gmt":"2026-01-23T16:54:44","guid":{"rendered":"https:\/\/www.egemtv.com\/?p=82688"},"modified":"2026-01-23T19:54:44","modified_gmt":"2026-01-23T16:54:44","slug":"mentesede-sanayiden-hurda-calan-hirsizlik-suphelileri-balikesirde-yakalandi","status":"publish","type":"post","link":"https:\/\/www.egemtv.com\/?p=82688","title":{"rendered":"Mente\u015fe\u2019de sanayiden hurda \u00e7alan h\u0131rs\u0131zl\u0131k \u015f\u00fcphelileri Bal\u0131kesir\u2019de yakaland\u0131"},"content":{"rendered":"<p>Mu\u011fla\u2019n\u0131n Mente\u015fe il\u00e7esindeki bir i\u015f yerinden hurda malzeme \u00e7ald\u0131\u011f\u0131 iddia edilen 2 \u015f\u00fcpheli, jandarma ekipleri taraf\u0131ndan Bal\u0131kesir\u2019de yakaland\u0131.<br \/>\n<br \/>Olay, Bay\u0131r Sanayi Sitesi\u2019nde ge\u00e7ti\u011fimiz g\u00fcnlerde sabah\u0131n erken saatlerinde meydana geldi. Edinilen bilgiye g\u00f6re, iki ki\u015fi i\u015f yerindeki hurdalar\u0131 \u00e7alarak kay\u0131plara kar\u0131\u015ft\u0131. Yakla\u015f\u0131k 20 bin liral\u0131k hurdalar\u0131n \u00e7al\u0131nd\u0131\u011f\u0131 anlar g\u00fcvenlik kameralar\u0131na yans\u0131d\u0131. \u0130\u015f yeri sahibinin durumu 112 Acil \u00c7a\u011fr\u0131 Merkezi\u2019ne bildirmesi \u00fczerine b\u00f6lgeye jandarmaya ekipleri sevk edildi. K\u0131sa s\u00fcrede olay yerine gelen jandarma ekipleri h\u0131rs\u0131zl\u0131k \u015f\u00fcphelilerinin belirlenerek yakalanmas\u0131 i\u00e7in \u00e7al\u0131\u015fma ba\u015flatt\u0131. Ekipler g\u00fcvenlik kay\u0131tlar\u0131n\u0131 incelemeye ald\u0131. Kimlikleri tespit edilen E.Y. ile A.\u00d6. jandarma ekiplerinin operasyonu ile Bal\u0131kesir\u2019de yakaland\u0131. G\u00f6zalt\u0131na al\u0131nan \u015f\u00fcpheliler i\u015flemlerinin ard\u0131ndan adliyeye sevk edildi. \u0130ki \u015f\u00fcpheli \u00e7\u0131kart\u0131ld\u0131klar\u0131 adli makamlarca adli kontrol \u015fart\u0131yla serbest b\u0131rak\u0131ld\u0131.<br \/><\/p>\n","protected":false},"excerpt":{"rendered":"<p>Mu\u011fla\u2019n\u0131n Mente\u015fe il\u00e7esindeki bir i\u015f yerinden hurda malzeme \u00e7ald\u0131\u011f\u0131 iddia edilen 2 \u015f\u00fcpheli, jandarma ekipleri taraf\u0131ndan Bal\u0131kesir\u2019de yakaland\u0131. Olay, Bay\u0131r Sanayi Sitesi\u2019nde ge\u00e7ti\u011fimiz g\u00fcnlerde sabah\u0131n erken saatlerinde meydana geldi. Edinilen bilgiye g\u00f6re, iki ki\u015fi i\u015f yerindeki hurdalar\u0131 \u00e7alarak kay\u0131plara kar\u0131\u015ft\u0131. Yakla\u015f\u0131k 20 bin liral\u0131k hurdalar\u0131n \u00e7al\u0131nd\u0131\u011f\u0131 anlar g\u00fcvenlik kameralar\u0131na yans\u0131d\u0131. \u0130\u015f yeri sahibinin durumu 112&#8230;<\/p>\n","protected":false},"author":1,"featured_media":82689,"comment_status":"open","ping_status":"open","sticky":false,"template":"","format":"standard","meta":{"_crdt_document":"","footnotes":""},"categories":[5],"tags":[],"class_list":["post-82688","post","type-post","status-publish","format-standard","has-post-thumbnail","hentry","category-asayis"],"_links":{"self":[{"href":"https:\/\/www.egemtv.com\/index.php?rest_route=\/wp\/v2\/posts\/82688","targetHints":{"allow":["GET"]}}],"collection":[{"href":"https:\/\/www.egemtv.com\/index.php?rest_route=\/wp\/v2\/posts"}],"about":[{"href":"https:\/\/www.egemtv.com\/index.php?rest_route=\/wp\/v2\/types\/post"}],"author":[{"embeddable":true,"href":"https:\/\/www.egemtv.com\/index.php?rest_route=\/wp\/v2\/users\/1"}],"replies":[{"embeddable":true,"href":"https:\/\/www.egemtv.com\/index.php?rest_route=%2Fwp%2Fv2%2Fcomments&post=82688"}],"version-history":[{"count":1,"href":"https:\/\/www.egemtv.com\/index.php?rest_route=\/wp\/v2\/posts\/82688\/revisions"}],"predecessor-version":[{"id":82690,"href":"https:\/\/www.egemtv.com\/index.php?rest_route=\/wp\/v2\/posts\/82688\/revisions\/82690"}],"wp:featuredmedia":[{"embeddable":true,"href":"https:\/\/www.egemtv.com\/index.php?rest_route=\/wp\/v2\/media\/82689"}],"wp:attachment":[{"href":"https:\/\/www.egemtv.com\/index.php?rest_route=%2Fwp%2Fv2%2Fmedia&parent=82688"}],"wp:term":[{"taxonomy":"category","embeddable":true,"href":"https:\/\/www.egemtv.com\/index.php?rest_route=%2Fwp%2Fv2%2Fcategories&post=82688"},{"taxonomy":"post_tag","embeddable":true,"href":"https:\/\/www.egemtv.com\/index.php?rest_route=%2Fwp%2Fv2%2Ftags&post=82688"}],"curies":[{"name":"wp","href":"https:\/\/api.w.org\/{rel}","templated":true}]}}