{"id":82682,"date":"2026-01-23T19:36:15","date_gmt":"2026-01-23T16:36:15","guid":{"rendered":"https:\/\/www.egemtv.com\/?p=82682"},"modified":"2026-01-23T19:36:16","modified_gmt":"2026-01-23T16:36:16","slug":"yalikavakspor-uskudar-belediyespor-maci-oncesi-istanbulda-son-antrenmanini-yapti","status":"publish","type":"post","link":"https:\/\/www.egemtv.com\/?p=82682","title":{"rendered":"Yal\u0131kavakspor, \u00dcsk\u00fcdar Belediyespor ma\u00e7\u0131 \u00f6ncesi \u0130stanbul\u2019da son antrenman\u0131n\u0131 yapt\u0131"},"content":{"rendered":"<p>Armada Praxis Yal\u0131kavakspor, 24 Ocak Cumartesi g\u00fcn\u00fc oynayaca\u011f\u0131 \u00dcsk\u00fcdar Belediyespor kar\u015f\u0131la\u015fmas\u0131 \u00f6ncesinde \u0130stanbul\u2019a ge\u00e7ti. Mavi-beyazl\u0131 ekip, m\u00fccadelenin oynanaca\u011f\u0131 \u00c7aml\u0131ca Spor Salonu\u2019nda son antrenman\u0131n\u0131 tamamlayarak ma\u00e7 saatini beklemeye ba\u015flad\u0131.<br \/>\n<br \/>0<br \/>\n<br \/>Kar\u015f\u0131la\u015fma \u00f6ncesi de\u011ferlendirmelerde bulunan Yal\u0131kavakspor Hentbol \u015eube Sorumlusu Hayrullah Kayacan, tak\u0131m\u0131n haz\u0131rl\u0131k s\u00fcrecinden memnun olduklar\u0131n\u0131 belirterek, &#8220;\u0130stanbul\u2019da ma\u00e7 salonunda yap\u0131lan bu son antrenman bizim i\u00e7in \u00e7ok \u00f6nemliydi. Oyuncular\u0131m\u0131z\u0131n motivasyonu y\u00fcksek, fiziksel ve mental olarak haz\u0131r durumday\u0131z. Sahaya kazanmak i\u00e7in \u00e7\u0131kaca\u011f\u0131z&#8221; dedi.<\/p>\n<p>Kayacan, sezonun bu b\u00f6l\u00fcm\u00fcnde her ma\u00e7\u0131n ayr\u0131 bir \u00f6nem ta\u015f\u0131d\u0131\u011f\u0131na dikkat \u00e7ekerek, &#8220;Disiplinli oyunumuzu sahaya yans\u0131tt\u0131\u011f\u0131m\u0131z s\u00fcrece hedefimize ula\u015faca\u011f\u0131m\u0131za inan\u0131yoruz. Tak\u0131m\u0131m\u0131za g\u00fcvenimiz tam&#8221; ifadelerini kulland\u0131.<\/p>\n<p>Saat 16.00\u2019da ba\u015flayacak olan \u00dcsk\u00fcdar Belediyespor &#8211; Armada Praxis Yal\u0131kavakspor kar\u015f\u0131la\u015fmas\u0131, T\u00fcrkiye Hentbol Federasyonunun YouTube kanal\u0131 \u00fczerinden canl\u0131 olarak yay\u0131nlanacak.<br \/><\/p>\n","protected":false},"excerpt":{"rendered":"<p>Armada Praxis Yal\u0131kavakspor, 24 Ocak Cumartesi g\u00fcn\u00fc oynayaca\u011f\u0131 \u00dcsk\u00fcdar Belediyespor kar\u015f\u0131la\u015fmas\u0131 \u00f6ncesinde \u0130stanbul\u2019a ge\u00e7ti. Mavi-beyazl\u0131 ekip, m\u00fccadelenin oynanaca\u011f\u0131 \u00c7aml\u0131ca Spor Salonu\u2019nda son antrenman\u0131n\u0131 tamamlayarak ma\u00e7 saatini beklemeye ba\u015flad\u0131. 0 Kar\u015f\u0131la\u015fma \u00f6ncesi de\u011ferlendirmelerde bulunan Yal\u0131kavakspor Hentbol \u015eube Sorumlusu Hayrullah Kayacan, tak\u0131m\u0131n haz\u0131rl\u0131k s\u00fcrecinden memnun olduklar\u0131n\u0131 belirterek, &#8220;\u0130stanbul\u2019da ma\u00e7 salonunda yap\u0131lan bu son antrenman bizim i\u00e7in \u00e7ok&#8230;<\/p>\n","protected":false},"author":1,"featured_media":82683,"comment_status":"open","ping_status":"open","sticky":false,"template":"","format":"standard","meta":{"_crdt_document":"","footnotes":""},"categories":[4],"tags":[],"class_list":["post-82682","post","type-post","status-publish","format-standard","has-post-thumbnail","hentry","category-spor"],"_links":{"self":[{"href":"https:\/\/www.egemtv.com\/index.php?rest_route=\/wp\/v2\/posts\/82682","targetHints":{"allow":["GET"]}}],"collection":[{"href":"https:\/\/www.egemtv.com\/index.php?rest_route=\/wp\/v2\/posts"}],"about":[{"href":"https:\/\/www.egemtv.com\/index.php?rest_route=\/wp\/v2\/types\/post"}],"author":[{"embeddable":true,"href":"https:\/\/www.egemtv.com\/index.php?rest_route=\/wp\/v2\/users\/1"}],"replies":[{"embeddable":true,"href":"https:\/\/www.egemtv.com\/index.php?rest_route=%2Fwp%2Fv2%2Fcomments&post=82682"}],"version-history":[{"count":1,"href":"https:\/\/www.egemtv.com\/index.php?rest_route=\/wp\/v2\/posts\/82682\/revisions"}],"predecessor-version":[{"id":82684,"href":"https:\/\/www.egemtv.com\/index.php?rest_route=\/wp\/v2\/posts\/82682\/revisions\/82684"}],"wp:featuredmedia":[{"embeddable":true,"href":"https:\/\/www.egemtv.com\/index.php?rest_route=\/wp\/v2\/media\/82683"}],"wp:attachment":[{"href":"https:\/\/www.egemtv.com\/index.php?rest_route=%2Fwp%2Fv2%2Fmedia&parent=82682"}],"wp:term":[{"taxonomy":"category","embeddable":true,"href":"https:\/\/www.egemtv.com\/index.php?rest_route=%2Fwp%2Fv2%2Fcategories&post=82682"},{"taxonomy":"post_tag","embeddable":true,"href":"https:\/\/www.egemtv.com\/index.php?rest_route=%2Fwp%2Fv2%2Ftags&post=82682"}],"curies":[{"name":"wp","href":"https:\/\/api.w.org\/{rel}","templated":true}]}}