{"id":82679,"date":"2026-01-23T18:54:51","date_gmt":"2026-01-23T15:54:51","guid":{"rendered":"https:\/\/www.egemtv.com\/?p=82679"},"modified":"2026-01-23T18:54:52","modified_gmt":"2026-01-23T15:54:52","slug":"bakan-bayraktar-turkiyeyi-nukleer-enerji-liginde-ust-lige-cikaracagiz","status":"publish","type":"post","link":"https:\/\/www.egemtv.com\/?p=82679","title":{"rendered":"Bakan Bayraktar: &#8220;T\u00fcrkiye\u2019yi n\u00fckleer enerji liginde \u00fcst lige \u00e7\u0131karaca\u011f\u0131z&#8221;"},"content":{"rendered":"<p>Enerji ve Tabii Kaynaklar Bakan\u0131 Alparslan Bayraktar, Akkuyu N\u00fckleer Santrali\u2019nde ilk elektrik \u00fcretiminin 2026\u2019da ba\u015flayaca\u011f\u0131n\u0131 belirterek, &#8220;Akkuyu\u2019nun yan\u0131na Sinop ve Trakya\u2019y\u0131 da koyarak T\u00fcrkiye\u2019yi n\u00fckleer enerji liginde \u00fcst lige \u00e7\u0131karaca\u011f\u0131z&#8221; dedi.<br \/>\n<br \/>AK Parti Manisa Geni\u015fletilmi\u015f \u0130l Dan\u0131\u015fma Meclisi Toplant\u0131s\u0131 Manisa \u0130l Halk K\u00fct\u00fcphanesi Konferans Salonunda Enerji ve Tabii Kaynaklar Bakan\u0131 Alparslan Bayraktar\u2019\u0131n kat\u0131l\u0131m\u0131yla ger\u00e7ekle\u015ftirildi. Sayg\u0131 duru\u015funda bulunulmas\u0131 ve \u0130stiklal Mar\u015f\u0131\u2019n\u0131n okunmas\u0131yla ba\u015flayan program\u0131n a\u00e7\u0131l\u0131\u015f konu\u015fmas\u0131n\u0131 yapan AK Parti Manisa \u0130l Ba\u015fkan\u0131 S\u00fcleyman Turgut, CHP\u2019nin \u00fclke genelinde 19 bin yeni \u00fcye yapt\u0131\u011f\u0131 d\u00f6nemde AK Parti Manisa\u2019da 21 bin yeni \u00fcye yapt\u0131\u011f\u0131n\u0131 belirterek eme\u011fi ge\u00e7enlere te\u015fekk\u00fcr etti. Bug\u00fcne kadar \u00e7\u00f6z\u00fclemez denilen sorunlar\u0131 yap\u0131lamaz denilen i\u015fleri Cumhurba\u015fkan\u0131 Recep Tayyip Erdo\u011fan\u2019\u0131n ger\u00e7ekle\u015ftirdi\u011fini hat\u0131rlatan Ba\u015fkan Turgut, i\u00e7inde bulunulan zor durumdan da yine Recep Tayyip Erdo\u011fan\u2019\u0131n \u00e7\u0131karaca\u011f\u0131n\u0131 belirtti.<\/p>\n<p>&#8220;Akkuyu\u2019nun yan\u0131na Sinop\u2019u ve Trakya\u2019y\u0131 da koyaca\u011f\u0131z&#8221;<br \/>\n<br \/>Enerji ve Tabii Kaynaklar Bakan\u0131 Alparslan Bayraktar, T\u00fcrkiye\u2019nin kendi do\u011falgaz\u0131n\u0131 ve petrol\u00fcn\u00fc \u00e7\u0131karmaya ba\u015flad\u0131\u011f\u0131n\u0131 ve bunun artarak devam edece\u011fini belirterek, &#8220;Gabar\u2019la, Karadeniz\u2019le in\u015fallah bundan sonra yeni yapaca\u011f\u0131m\u0131z ke\u015fiflerle, \u00fcretim art\u0131\u015flar\u0131yla beraber biz bu yolda kararl\u0131l\u0131kla devam ediyoruz. Bir ba\u015fka tarihi proje biraz videoda g\u00f6rd\u00fcn\u00fcz. T\u00fcrkiye\u2019nin 70 y\u0131ll\u0131k r\u00fcyas\u0131 Akkuyu N\u00fckleer Santrali. \u015eimdi bak\u0131yorsunuz yine bu do\u011falgaz petrol aramalar\u0131m\u0131za benzer yine ben pazartesi Akkuyu\u2019dayd\u0131m. Orada a\u00e7\u0131klama yapt\u0131m. Biz yapt\u0131k a\u00e7\u0131klamay\u0131. Ruslar yapt\u0131. 1. \u00fcnite y\u00fczde 99 olarak in\u015faat\u0131 tamamlanm\u0131\u015f durumda. Ana muhalefet o kadar her \u015feyden kopun ki y\u00fczde 99\u2019u bitmi\u015f bir proje i\u00e7in ne diyorlard\u0131? Durdurun projeyi. \u015eimdi bir y\u00fczde 99\u2019u bitmi\u015f bir projeden bahsediyor. Hep b\u00f6yle dedikleri i\u00e7in 1950\u2019lerde rahmetli Menderes d\u00f6neminde ba\u015flayan T\u00fcrkiye\u2019nin n\u00fckleer yolculu\u011funda bir tane n\u00fckleer santrali yoktu maalesef. Ama \u015fimdi in\u015fallah bunun 70. y\u0131l\u0131nda yani bu sene 2026\u2019da biz, T\u00fcrkiye\u2019de ilk kez n\u00fckleer santralden, n\u00fckleer elektrik \u00fcretece\u011fiz Akkuyu\u2019da. D\u00fcnyada 400 tane santral var, \u00e7al\u0131\u015fan. Burnumuzun dibinde Ermenistan\u2019da santral var. Bu taraftan \u00e7\u0131k\u0131n. Bulgaristan\u2019da var, Romanya\u2019da var, Macaristan\u2019da var. Fransa\u2019n\u0131n elektri\u011finin y\u00fczde 75\u2019i n\u00fckleerden geliyor. T\u00fcrkiye\u2019ye gelince \u2019efendim T\u00fcrkiye n\u00fckleer yapmas\u0131n.\u2019 Bug\u00fcn d\u00fcnyada in\u015fas\u0131 devam eden 60 tane reakt\u00f6r var. T\u00fcrkiye\u2019ye gelince T\u00fcrkiye yapmas\u0131n. Biz n\u00fckleer santrali yapaca\u011f\u0131z. \u0130n\u015fallah Akkuyu\u2019nun yan\u0131na Sinop\u2019u, Trakya\u2019y\u0131 koyaca\u011f\u0131z ve T\u00fcrkiye\u2019yi N\u00fckleer Enerji Ligi\u2019ne o \u00fcst lige in\u015fallah hep birlikte \u00e7\u0131karaca\u011f\u0131z&#8221; dedi.<\/p>\n<p>&#8220;Bu milli bir politika&#8221;<br \/>\n<br \/>Bakan Bayraktar konu\u015fmas\u0131n\u0131 \u015f\u00f6yle tamamlad\u0131:<br \/>\n<br \/>&#8220;T\u00fcrkiye, do\u011fal gaz\u0131n\u0131 \u00fcreten, do\u011fal gaz\u0131 arayan, bulan ve bunu sadece T\u00fcrkiye\u2019de de\u011fil, yak\u0131nda in\u015fallah Somali\u2019de sondaja ba\u015fl\u0131yoruz. Pakistan\u2019da, yar\u0131n Kazakistan\u2019da, Irak\u2019ta, in\u015fallah Suriye\u2019de T\u00fcrkiye petrol ve do\u011fal gaz\u0131 arayan, \u00fcreten, bulan bir \u00fclke olma yolunda h\u0131zl\u0131 bir ad\u0131mlarla gidiyor. Dolay\u0131s\u0131yla bu noktada kararl\u0131l\u0131\u011f\u0131m\u0131z \u00e7ok net \u00e7ok kesin. Biz inan\u0131yoruz ki bak\u0131n bu bir milli politika. Farkl\u0131 ifade ediyorum. Bu herkesin 86 milyonun. Ben inan\u0131yorum ki bizim insan\u0131m\u0131z\u0131n, milletimizin bizde duas\u0131 var ve bunlarla biz ba\u015far\u0131l\u0131 oluyoruz. Onun i\u00e7in o bizi ele\u015ftirenleri veya bu konudan hi\u00e7 anlamayanlar\u0131 kenara b\u0131rakarak s\u00f6yl\u00fcyorum. Bu yolda kararl\u0131l\u0131kla y\u00fcr\u00fcmeye devam edece\u011fiz. \u0130n\u015fallah sizlerin deste\u011fi ve duas\u0131yla da bunlardan \u00e7ok iyi neticeler alaca\u011f\u0131z. Bunlar\u0131 yapabilirsek i\u015fte o zaman ekonomimiz \u00e7ok daha g\u00fc\u00e7l\u00fc olacak. Bunlar\u0131 yapaca\u011f\u0131z. Diyorlar ki efendim bunlar\u0131 buldun da bakal\u0131m bizim elektrik faturas\u0131, do\u011fal gaz faturas\u0131 ne olacak? Niye akaryak\u0131t fiyatlar\u0131 art\u0131yor o zaman? Bunlar\u0131 yapt\u0131\u011f\u0131m\u0131z i\u00e7in bunlar\u0131 artt\u0131rmam\u0131z gerekti\u011fi i\u00e7in biz i\u015fte vatanda\u015f\u0131m\u0131za enerji deste\u011fi verebiliyoruz. Telefonlar\u0131n\u0131za mesaj geliyor mu? Fatura bu kadar ama \u015fu kadar\u0131n\u0131 devlet hazine kar\u015f\u0131l\u0131yor. Bu pandemiyle beraber yo\u011fun bir \u015fekilde yapt\u0131\u011f\u0131m\u0131z bir i\u015fti. Ge\u00e7ti\u011fimiz nisan ay\u0131nda bunu yazd\u0131k. Rahats\u0131z oldular bundan. Niye rahats\u0131z oluyorsun? Vatanda\u015f\u0131m\u0131z\u0131, insan\u0131m\u0131z\u0131 niye bilgilendirmemizden rahats\u0131zs\u0131n? Evet, do\u011fal gaz\u0131n y\u00fczde 45\u2019ini hazine kar\u015f\u0131l\u0131yor. Elektri\u011fin y\u00fczde 50\u2019sini hazinemiz kar\u015f\u0131l\u0131yor. Niye rahats\u0131z oluyorsun bundan? Vatanda\u015f\u0131m\u0131z bunu bilsin. Son 3 y\u0131lda yakla\u015f\u0131k 1.6 trilyon lira bu konuda bizim deste\u011fimiz oldu. 2023-2024-2025\u2019ten bahsediyorum. \u015eimdi Gabar\u2019da petrol \u00fcretip onun gelirleri, Karadeniz\u2019deki gaz\u0131m\u0131z\u0131n gelirleri, madenlerden gelirlerimiz olmasa, hazinemiz g\u00fc\u00e7l\u00fc olmasa bunu verme \u015fans\u0131m\u0131z olur mu? Dolay\u0131s\u0131yla biz bu desteklere devam edece\u011fiz. \u0130n\u015fallah bizleri, \u015fu anda ya\u015fanan ekonomik s\u0131k\u0131nt\u0131lar, i\u015fte \u00f6zellikle dar gelirli, sabit gelirli, emekli vatanda\u015flar\u0131m\u0131z\u0131n s\u0131k\u0131nt\u0131lar\u0131n\u0131n hepsinin fark\u0131nday\u0131z. \u0130n\u015fallah bunlara da yine \u00e7\u00f6z\u00fcm bulacak olan bizleriz. Dolay\u0131s\u0131yla de\u011ferli karde\u015flerim, biz b\u00f6yle dolu dolu bir Manisa g\u00fcn\u00fc ge\u00e7iriyoruz. Bu arada Soma\u2019dan gelen i\u015f\u00e7i karde\u015flerimiz, madenci karde\u015flerimiz de burada. Onlara da selam ediyorum. Selam\u0131m\u0131n her daim yan\u0131nda oldu\u011funu bilmenizi istiyorum. \u0130n\u015fallah Soma santrali bacas\u0131 t\u00fctmeye devam edecek, \u00e7al\u0131\u015fmaya devam edecek. \u00c7\u00fcnk\u00fc T\u00fcrkiye\u2019nin enerjisine 40 y\u0131l oldu\u011fu gibi bundan sonra da enerji katmaya, g\u00fc\u00e7 katmaya Soma devam edecek. Ben bu bu duygu ve d\u00fc\u015f\u00fcncelerle hepinizi sayg\u0131yla h\u00fcrmetle selaml\u0131yorum.&#8221;<br \/>\n<br \/>Bakan Bayraktar\u2019\u0131n konu\u015fmas\u0131n\u0131n ard\u0131ndan toplant\u0131 bas\u0131na kapal\u0131 olarak devam etti. Toplant\u0131ya Enerji ve Tabii Kaynaklar Bakan\u0131 Alparslan Bayraktar, bakan yard\u0131mc\u0131lar\u0131, AK Parti MKYK \u00dcyesi ve Manisa Milletvekili Ahmet M\u00fccahit Ar\u0131n\u00e7, AK Parti Manisa Milletvekili Tamer Akkal, \u0130l Ba\u015fkan\u0131 S\u00fcleyman Turgut, il\u00e7e ba\u015fkanlar\u0131, belediye ba\u015fkanlar\u0131, kad\u0131n ve gen\u00e7lik kollar\u0131 ba\u015fkanlar\u0131 ve partililer kat\u0131ld\u0131.<br \/><\/p>\n","protected":false},"excerpt":{"rendered":"<p>Enerji ve Tabii Kaynaklar Bakan\u0131 Alparslan Bayraktar, Akkuyu N\u00fckleer Santrali\u2019nde ilk elektrik \u00fcretiminin 2026\u2019da ba\u015flayaca\u011f\u0131n\u0131 belirterek, &#8220;Akkuyu\u2019nun yan\u0131na Sinop ve Trakya\u2019y\u0131 da koyarak T\u00fcrkiye\u2019yi n\u00fckleer enerji liginde \u00fcst lige \u00e7\u0131karaca\u011f\u0131z&#8221; dedi. AK Parti Manisa Geni\u015fletilmi\u015f \u0130l Dan\u0131\u015fma Meclisi Toplant\u0131s\u0131 Manisa \u0130l Halk K\u00fct\u00fcphanesi Konferans Salonunda Enerji ve Tabii Kaynaklar Bakan\u0131 Alparslan Bayraktar\u2019\u0131n kat\u0131l\u0131m\u0131yla ger\u00e7ekle\u015ftirildi. Sayg\u0131&#8230;<\/p>\n","protected":false},"author":1,"featured_media":82680,"comment_status":"open","ping_status":"open","sticky":false,"template":"","format":"standard","meta":{"_crdt_document":"","footnotes":""},"categories":[127],"tags":[],"class_list":["post-82679","post","type-post","status-publish","format-standard","has-post-thumbnail","hentry","category-siyaset"],"_links":{"self":[{"href":"https:\/\/www.egemtv.com\/index.php?rest_route=\/wp\/v2\/posts\/82679","targetHints":{"allow":["GET"]}}],"collection":[{"href":"https:\/\/www.egemtv.com\/index.php?rest_route=\/wp\/v2\/posts"}],"about":[{"href":"https:\/\/www.egemtv.com\/index.php?rest_route=\/wp\/v2\/types\/post"}],"author":[{"embeddable":true,"href":"https:\/\/www.egemtv.com\/index.php?rest_route=\/wp\/v2\/users\/1"}],"replies":[{"embeddable":true,"href":"https:\/\/www.egemtv.com\/index.php?rest_route=%2Fwp%2Fv2%2Fcomments&post=82679"}],"version-history":[{"count":1,"href":"https:\/\/www.egemtv.com\/index.php?rest_route=\/wp\/v2\/posts\/82679\/revisions"}],"predecessor-version":[{"id":82681,"href":"https:\/\/www.egemtv.com\/index.php?rest_route=\/wp\/v2\/posts\/82679\/revisions\/82681"}],"wp:featuredmedia":[{"embeddable":true,"href":"https:\/\/www.egemtv.com\/index.php?rest_route=\/wp\/v2\/media\/82680"}],"wp:attachment":[{"href":"https:\/\/www.egemtv.com\/index.php?rest_route=%2Fwp%2Fv2%2Fmedia&parent=82679"}],"wp:term":[{"taxonomy":"category","embeddable":true,"href":"https:\/\/www.egemtv.com\/index.php?rest_route=%2Fwp%2Fv2%2Fcategories&post=82679"},{"taxonomy":"post_tag","embeddable":true,"href":"https:\/\/www.egemtv.com\/index.php?rest_route=%2Fwp%2Fv2%2Ftags&post=82679"}],"curies":[{"name":"wp","href":"https:\/\/api.w.org\/{rel}","templated":true}]}}