{"id":82673,"date":"2026-01-23T18:34:44","date_gmt":"2026-01-23T15:34:44","guid":{"rendered":"https:\/\/www.egemtv.com\/?p=82673"},"modified":"2026-01-23T18:34:45","modified_gmt":"2026-01-23T15:34:45","slug":"kusadasi-belediyesi-selin-yaralarini-sarmak-icin-saha-calismalarini-surduruyor","status":"publish","type":"post","link":"https:\/\/www.egemtv.com\/?p=82673","title":{"rendered":"Ku\u015fadas\u0131 Belediyesi selin yaralar\u0131n\u0131 sarmak i\u00e7in saha \u00e7al\u0131\u015fmalar\u0131n\u0131 s\u00fcrd\u00fcr\u00fcyor"},"content":{"rendered":"<p>Meteoroloji Genel M\u00fcd\u00fcrl\u00fc\u011f\u00fc verilerine g\u00f6re Ayd\u0131n genelinde etkili olan kuvvetli sa\u011fanak ya\u011f\u0131\u015ftan en \u00e7ok etkilenen il\u00e7e Ku\u015fadas\u0131 oldu. \u00d6zellikle G\u00fczel\u00e7aml\u0131 Mahallesi\u2019nde metrekareye 107,8 kilogram ya\u011f\u0131\u015f d\u00fc\u015fmesiyle birlikte cadde ve sokaklar g\u00f6le d\u00f6nd\u00fc, ara\u00e7lar sel sular\u0131na kap\u0131ld\u0131, evler, i\u015f yerleri ve tar\u0131m arazileri sular alt\u0131nda kald\u0131.<br \/>\n<br \/>Ya\u015fanan olumsuzluklar\u0131n ard\u0131ndan Ku\u015fadas\u0131 Belediyesi ekipleri vakit kaybetmeden sahaya indi. Ba\u015fta Davutlar ve G\u00fczel\u00e7aml\u0131 mahalleleri olmak \u00fczere il\u00e7enin bir\u00e7ok noktas\u0131nda sel sonras\u0131 biriken su ve bal\u00e7\u0131k h\u0131zla temizlendi. Olas\u0131 tehlikelerin \u00f6n\u00fcne ge\u00e7mek i\u00e7in devrilme riski ta\u015f\u0131yan a\u011fa\u00e7lar\u0131n budamas\u0131 yap\u0131l\u0131rken, ekipler zorlu hava ko\u015fullar\u0131na ra\u011fmen gece g\u00fcnd\u00fcz demeden \u00e7al\u0131\u015fmalar\u0131n\u0131 s\u00fcrd\u00fcrd\u00fc.<br \/>\n<br \/>Fen \u0130\u015fleri, Park ve Bah\u00e7eler, Temizlik \u0130\u015fleri ve Zab\u0131ta M\u00fcd\u00fcrl\u00fc\u011f\u00fc ekiplerinin koordineli m\u00fcdahalesi sayesinde selin etkileri k\u0131sa s\u00fcrede kontrol alt\u0131na al\u0131nd\u0131. Merkez ve k\u0131rsal mahallelerde e\u015f zamanl\u0131 y\u00fcr\u00fct\u00fclen \u00e7al\u0131\u015fmalarla vatanda\u015flar\u0131n ma\u011fduriyeti en aza indirildi.<br \/>\n<br \/>Meteoroloji\u2019nin ya\u011f\u0131\u015flar\u0131n devam edece\u011fi y\u00f6n\u00fcndeki uyar\u0131s\u0131n\u0131n ard\u0131ndan Ku\u015fadas\u0131 Belediyesi t\u00fcm birimleriyle teyakkuz haline ge\u00e7ti. Belediye yetkilileri, ekiplerin 24 saat esas\u0131na g\u00f6re sahada g\u00f6rev yapmaya devam edece\u011fini belirtirken, vatanda\u015flara da dikkatli olmalar\u0131 \u00e7a\u011fr\u0131s\u0131nda bulundu.<br \/><\/p>\n","protected":false},"excerpt":{"rendered":"<p>Meteoroloji Genel M\u00fcd\u00fcrl\u00fc\u011f\u00fc verilerine g\u00f6re Ayd\u0131n genelinde etkili olan kuvvetli sa\u011fanak ya\u011f\u0131\u015ftan en \u00e7ok etkilenen il\u00e7e Ku\u015fadas\u0131 oldu. \u00d6zellikle G\u00fczel\u00e7aml\u0131 Mahallesi\u2019nde metrekareye 107,8 kilogram ya\u011f\u0131\u015f d\u00fc\u015fmesiyle birlikte cadde ve sokaklar g\u00f6le d\u00f6nd\u00fc, ara\u00e7lar sel sular\u0131na kap\u0131ld\u0131, evler, i\u015f yerleri ve tar\u0131m arazileri sular alt\u0131nda kald\u0131. Ya\u015fanan olumsuzluklar\u0131n ard\u0131ndan Ku\u015fadas\u0131 Belediyesi ekipleri vakit kaybetmeden sahaya indi&#8230;.<\/p>\n","protected":false},"author":1,"featured_media":82674,"comment_status":"open","ping_status":"open","sticky":false,"template":"","format":"standard","meta":{"_crdt_document":"","footnotes":""},"categories":[1],"tags":[],"class_list":["post-82673","post","type-post","status-publish","format-standard","has-post-thumbnail","hentry","category-guncel"],"_links":{"self":[{"href":"https:\/\/www.egemtv.com\/index.php?rest_route=\/wp\/v2\/posts\/82673","targetHints":{"allow":["GET"]}}],"collection":[{"href":"https:\/\/www.egemtv.com\/index.php?rest_route=\/wp\/v2\/posts"}],"about":[{"href":"https:\/\/www.egemtv.com\/index.php?rest_route=\/wp\/v2\/types\/post"}],"author":[{"embeddable":true,"href":"https:\/\/www.egemtv.com\/index.php?rest_route=\/wp\/v2\/users\/1"}],"replies":[{"embeddable":true,"href":"https:\/\/www.egemtv.com\/index.php?rest_route=%2Fwp%2Fv2%2Fcomments&post=82673"}],"version-history":[{"count":1,"href":"https:\/\/www.egemtv.com\/index.php?rest_route=\/wp\/v2\/posts\/82673\/revisions"}],"predecessor-version":[{"id":82675,"href":"https:\/\/www.egemtv.com\/index.php?rest_route=\/wp\/v2\/posts\/82673\/revisions\/82675"}],"wp:featuredmedia":[{"embeddable":true,"href":"https:\/\/www.egemtv.com\/index.php?rest_route=\/wp\/v2\/media\/82674"}],"wp:attachment":[{"href":"https:\/\/www.egemtv.com\/index.php?rest_route=%2Fwp%2Fv2%2Fmedia&parent=82673"}],"wp:term":[{"taxonomy":"category","embeddable":true,"href":"https:\/\/www.egemtv.com\/index.php?rest_route=%2Fwp%2Fv2%2Fcategories&post=82673"},{"taxonomy":"post_tag","embeddable":true,"href":"https:\/\/www.egemtv.com\/index.php?rest_route=%2Fwp%2Fv2%2Ftags&post=82673"}],"curies":[{"name":"wp","href":"https:\/\/api.w.org\/{rel}","templated":true}]}}