{"id":82652,"date":"2026-01-23T16:55:00","date_gmt":"2026-01-23T13:55:00","guid":{"rendered":"https:\/\/www.egemtv.com\/?p=82652"},"modified":"2026-01-23T16:55:00","modified_gmt":"2026-01-23T13:55:00","slug":"insaat-santiyesinde-aci-son-isci-hayatini-kaybetti","status":"publish","type":"post","link":"https:\/\/www.egemtv.com\/?p=82652","title":{"rendered":"\u0130n\u015faat \u015fantiyesinde ac\u0131 son: \u0130\u015f\u00e7i hayat\u0131n\u0131 kaybetti"},"content":{"rendered":"<p>\u0130zmir\u2019in Alia\u011fa il\u00e7esinde bir in\u015faat \u015fantiyesinde i\u015f makinesinin \u00e7arpt\u0131\u011f\u0131 ki\u015fi hayat\u0131n\u0131 kaybetti.<br \/>\n<br \/>Olay, sabah saatlerinde Kurtulu\u015f Mahallesi 726 Sokak\u2019ta bulunan bir in\u015faat \u015fantiyesinde meydana geldi. Edinilen bilgiye g\u00f6re, \u015fantiyede tu\u011fla y\u00fckl\u00fc bir kamyonun bo\u015falt\u0131lmas\u0131 s\u0131ras\u0131nda manevra yapan i\u015f makinesi, il\u00e7ede esnafl\u0131k yapt\u0131\u011f\u0131 \u00f6\u011frenilen Remzi Marge\u2019ye (39) \u00e7arpt\u0131. \u00c7evredeki vatanda\u015flar\u0131n ihbar\u0131 \u00fczerine olay yerine sa\u011fl\u0131k ve polis ekipleri sevk edildi. Sa\u011fl\u0131k ekiplerinin yapt\u0131\u011f\u0131 kontrollerde, i\u015f makinesinin alt\u0131nda kalan Remzi Marge\u2019nin olay yerinde hayat\u0131n\u0131 kaybetti\u011fi belirlendi.<br \/>\n<br \/>Remzi Marge\u2019nin cans\u0131z bedeni, savc\u0131n\u0131n incelemesinin ard\u0131ndan Alia\u011fa Devlet Hastanesi morguna kald\u0131r\u0131ld\u0131. Olayla ilgili geni\u015f \u00e7apl\u0131 soru\u015fturma ba\u015flat\u0131ld\u0131.<br \/><\/p>\n","protected":false},"excerpt":{"rendered":"<p>\u0130zmir\u2019in Alia\u011fa il\u00e7esinde bir in\u015faat \u015fantiyesinde i\u015f makinesinin \u00e7arpt\u0131\u011f\u0131 ki\u015fi hayat\u0131n\u0131 kaybetti. Olay, sabah saatlerinde Kurtulu\u015f Mahallesi 726 Sokak\u2019ta bulunan bir in\u015faat \u015fantiyesinde meydana geldi. Edinilen bilgiye g\u00f6re, \u015fantiyede tu\u011fla y\u00fckl\u00fc bir kamyonun bo\u015falt\u0131lmas\u0131 s\u0131ras\u0131nda manevra yapan i\u015f makinesi, il\u00e7ede esnafl\u0131k yapt\u0131\u011f\u0131 \u00f6\u011frenilen Remzi Marge\u2019ye (39) \u00e7arpt\u0131. \u00c7evredeki vatanda\u015flar\u0131n ihbar\u0131 \u00fczerine olay yerine sa\u011fl\u0131k ve&#8230;<\/p>\n","protected":false},"author":1,"featured_media":82653,"comment_status":"open","ping_status":"open","sticky":false,"template":"","format":"standard","meta":{"_crdt_document":"","footnotes":""},"categories":[5],"tags":[],"class_list":["post-82652","post","type-post","status-publish","format-standard","has-post-thumbnail","hentry","category-asayis"],"_links":{"self":[{"href":"https:\/\/www.egemtv.com\/index.php?rest_route=\/wp\/v2\/posts\/82652","targetHints":{"allow":["GET"]}}],"collection":[{"href":"https:\/\/www.egemtv.com\/index.php?rest_route=\/wp\/v2\/posts"}],"about":[{"href":"https:\/\/www.egemtv.com\/index.php?rest_route=\/wp\/v2\/types\/post"}],"author":[{"embeddable":true,"href":"https:\/\/www.egemtv.com\/index.php?rest_route=\/wp\/v2\/users\/1"}],"replies":[{"embeddable":true,"href":"https:\/\/www.egemtv.com\/index.php?rest_route=%2Fwp%2Fv2%2Fcomments&post=82652"}],"version-history":[{"count":1,"href":"https:\/\/www.egemtv.com\/index.php?rest_route=\/wp\/v2\/posts\/82652\/revisions"}],"predecessor-version":[{"id":82654,"href":"https:\/\/www.egemtv.com\/index.php?rest_route=\/wp\/v2\/posts\/82652\/revisions\/82654"}],"wp:featuredmedia":[{"embeddable":true,"href":"https:\/\/www.egemtv.com\/index.php?rest_route=\/wp\/v2\/media\/82653"}],"wp:attachment":[{"href":"https:\/\/www.egemtv.com\/index.php?rest_route=%2Fwp%2Fv2%2Fmedia&parent=82652"}],"wp:term":[{"taxonomy":"category","embeddable":true,"href":"https:\/\/www.egemtv.com\/index.php?rest_route=%2Fwp%2Fv2%2Fcategories&post=82652"},{"taxonomy":"post_tag","embeddable":true,"href":"https:\/\/www.egemtv.com\/index.php?rest_route=%2Fwp%2Fv2%2Ftags&post=82652"}],"curies":[{"name":"wp","href":"https:\/\/api.w.org\/{rel}","templated":true}]}}