{"id":82298,"date":"2026-01-22T09:54:54","date_gmt":"2026-01-22T06:54:54","guid":{"rendered":"https:\/\/www.egemtv.com\/?p=82298"},"modified":"2026-01-22T09:54:55","modified_gmt":"2026-01-22T06:54:55","slug":"izmirde-gune-saganakla-basladi-yollar-gole-dondu","status":"publish","type":"post","link":"https:\/\/www.egemtv.com\/?p=82298","title":{"rendered":"\u0130zmir\u2019de g\u00fcne sa\u011fanakla ba\u015flad\u0131, yollar g\u00f6le d\u00f6nd\u00fc"},"content":{"rendered":"<p>\u0130zmir\u2019de sabah saatlerinde etkisini g\u00f6steren g\u00f6k g\u00fcr\u00fclt\u00fcl\u00fc kuvvetli sa\u011fanak ya\u011f\u0131\u015f ya\u015fam\u0131 olumsuz etkiledi. \u00d6zellikle Karaba\u011flar, Buca il\u00e7elerinde cadde ve sokaklar g\u00f6le d\u00f6nd\u00fc.<br \/>\n<br \/>Meteoroloji \u0130zmir B\u00f6lge M\u00fcd\u00fcrl\u00fc\u011f\u00fcn\u00fcn bug\u00fcn i\u00e7in yapt\u0131\u011f\u0131 uyar\u0131da bulundu\u011fu sa\u011fanak ya\u011f\u0131\u015f, sabah\u0131n erken saatlerinden itibaren etkili olmaya ba\u015flad\u0131. \u00d6zellikle Karaba\u011flar ve Buca\u2019da baz\u0131 cadde ve sokaklar adeta g\u00f6le d\u00f6nd\u00fc. Karaba\u011flar Sanayi b\u00f6lgesinde dere ta\u015fmas\u0131 sonras\u0131 yol su alt\u0131nda kald\u0131. Bir vatanda\u015f\u0131n suya kap\u0131lmamak i\u00e7in demir korkuluklara tutunarak y\u00fcr\u00fcmeye \u00e7al\u0131\u015fmas\u0131 dikkat \u00e7ekti.<br \/>\n<br \/>Kent i\u00e7i ara\u00e7 trafi\u011fi de ya\u011f\u0131\u015ftan olumsuz etkilendi. Baz\u0131 b\u00f6lgelerde ya\u011fmur sular\u0131 ile dolan caddelerde ara\u00e7lar ilerlemekte g\u00fc\u00e7l\u00fck \u00e7ekerken, vatanda\u015flar da g\u00fcvenli noktalarda ya\u011fmurun dinmesini bekledi. \u0130zmir B\u00fcy\u00fck\u015fehir Belediyesine ba\u011fl\u0131 ekiplerin, ta\u015fk\u0131n b\u00f6lgelerinde \u00e7al\u0131\u015fma yapt\u0131\u011f\u0131 bildirildi.<br \/><\/p>\n","protected":false},"excerpt":{"rendered":"<p>\u0130zmir\u2019de sabah saatlerinde etkisini g\u00f6steren g\u00f6k g\u00fcr\u00fclt\u00fcl\u00fc kuvvetli sa\u011fanak ya\u011f\u0131\u015f ya\u015fam\u0131 olumsuz etkiledi. \u00d6zellikle Karaba\u011flar, Buca il\u00e7elerinde cadde ve sokaklar g\u00f6le d\u00f6nd\u00fc. Meteoroloji \u0130zmir B\u00f6lge M\u00fcd\u00fcrl\u00fc\u011f\u00fcn\u00fcn bug\u00fcn i\u00e7in yapt\u0131\u011f\u0131 uyar\u0131da bulundu\u011fu sa\u011fanak ya\u011f\u0131\u015f, sabah\u0131n erken saatlerinden itibaren etkili olmaya ba\u015flad\u0131. \u00d6zellikle Karaba\u011flar ve Buca\u2019da baz\u0131 cadde ve sokaklar adeta g\u00f6le d\u00f6nd\u00fc. Karaba\u011flar Sanayi b\u00f6lgesinde dere&#8230;<\/p>\n","protected":false},"author":1,"featured_media":82299,"comment_status":"open","ping_status":"open","sticky":false,"template":"","format":"standard","meta":{"_crdt_document":"","footnotes":""},"categories":[5],"tags":[],"class_list":["post-82298","post","type-post","status-publish","format-standard","has-post-thumbnail","hentry","category-asayis"],"_links":{"self":[{"href":"https:\/\/www.egemtv.com\/index.php?rest_route=\/wp\/v2\/posts\/82298","targetHints":{"allow":["GET"]}}],"collection":[{"href":"https:\/\/www.egemtv.com\/index.php?rest_route=\/wp\/v2\/posts"}],"about":[{"href":"https:\/\/www.egemtv.com\/index.php?rest_route=\/wp\/v2\/types\/post"}],"author":[{"embeddable":true,"href":"https:\/\/www.egemtv.com\/index.php?rest_route=\/wp\/v2\/users\/1"}],"replies":[{"embeddable":true,"href":"https:\/\/www.egemtv.com\/index.php?rest_route=%2Fwp%2Fv2%2Fcomments&post=82298"}],"version-history":[{"count":1,"href":"https:\/\/www.egemtv.com\/index.php?rest_route=\/wp\/v2\/posts\/82298\/revisions"}],"predecessor-version":[{"id":82300,"href":"https:\/\/www.egemtv.com\/index.php?rest_route=\/wp\/v2\/posts\/82298\/revisions\/82300"}],"wp:featuredmedia":[{"embeddable":true,"href":"https:\/\/www.egemtv.com\/index.php?rest_route=\/wp\/v2\/media\/82299"}],"wp:attachment":[{"href":"https:\/\/www.egemtv.com\/index.php?rest_route=%2Fwp%2Fv2%2Fmedia&parent=82298"}],"wp:term":[{"taxonomy":"category","embeddable":true,"href":"https:\/\/www.egemtv.com\/index.php?rest_route=%2Fwp%2Fv2%2Fcategories&post=82298"},{"taxonomy":"post_tag","embeddable":true,"href":"https:\/\/www.egemtv.com\/index.php?rest_route=%2Fwp%2Fv2%2Ftags&post=82298"}],"curies":[{"name":"wp","href":"https:\/\/api.w.org\/{rel}","templated":true}]}}