{"id":82295,"date":"2026-01-22T09:54:53","date_gmt":"2026-01-22T06:54:53","guid":{"rendered":"https:\/\/www.egemtv.com\/?p=82295"},"modified":"2026-01-22T09:54:54","modified_gmt":"2026-01-22T06:54:54","slug":"yasar-universitesi-dunyanin-en-iyileri-listesinde","status":"publish","type":"post","link":"https:\/\/www.egemtv.com\/?p=82295","title":{"rendered":"Ya\u015far \u00dcniversitesi d\u00fcnyan\u0131n en iyileri listesinde"},"content":{"rendered":"<p>Times Higher Education\u2019\u0131n (THE) yay\u0131nlad\u0131\u011f\u0131 &#8220;2026 D\u00fcnya \u00dcniversite S\u0131ralamalar\u0131&#8221; listesine giren Ya\u015far \u00dcniversitesi, alan s\u0131ralamalar\u0131nda \u0130\u015fletme-iktisat ve Sosyal Bilimler alanlar\u0131nda Ege B\u00f6lgesi\u2019ndeki birincili\u011fini devam ettirdi.<br \/>\n<br \/>Londra merkezli uluslararas\u0131 y\u00fcksek\u00f6\u011fretim derecelendirme kurulu\u015fu Times Higher Education (THE) &#8220;2026 D\u00fcnya \u00dcniversite S\u0131ralamalar\u0131&#8221; listesini a\u00e7\u0131klad\u0131. Scopus\u2019ta yer alan farkl\u0131 alanlara g\u00f6re THE D\u00fcnya S\u0131ralamas\u0131\u2019na giren \u00fcniversiteler; e\u011fitim kalitesi, ara\u015ft\u0131rma g\u00fcc\u00fc, uluslararas\u0131 g\u00f6r\u00fcn\u00fcrl\u00fck, akademik al\u0131nt\u0131lar ve end\u00fcstriyle i\u015f birli\u011fi gibi kriterler \u00fczerinden de\u011ferlendiriliyor. Ya\u015far \u00dcniversitesi, THE listesinde genel s\u0131ralamada Ege B\u00f6lgesi\u2019nde ilk 3\u2019e girerken alan s\u0131ralamalar\u0131nda ise \u0130\u015fletme-\u0130ktisat ve Sosyal Bilimler alanlar\u0131nda T\u00fcrkiye\u2019deki vak\u0131f \u00fcniversiteleri aras\u0131nda ilk 10\u2019da Ege B\u00f6lgesi\u2019nde ise birinci s\u0131rada yer alarak kurumsal ba\u015far\u0131s\u0131n\u0131 yineledi.<\/p>\n<p>K\u00fcresel vizyonun akademik tescili<br \/>\n<br \/>Ya\u015far \u00dcniversitesi M\u00fctevelli Heyet Ba\u015fkan\u0131 Ahmet Yi\u011fitba\u015f\u0131, elde edilen ba\u015far\u0131 ile ilgili g\u00f6r\u00fc\u015flerini \u015fu s\u00f6zlerle ifade etti:  &#8220;E\u011fitim yolculu\u011fumuza ba\u015flad\u0131\u011f\u0131m\u0131z ilk andan itibaren temel \u00f6nceli\u011fimiz, gen\u00e7lerimizi yar\u0131n\u0131n d\u00fcnyas\u0131na sadece mezun olarak de\u011fil, tam donan\u0131ml\u0131 bireyler olarak haz\u0131rlamak oldu. Kurum k\u00fclt\u00fcr\u00fcm\u00fcz\u00fcn merkezine yerle\u015ftirdi\u011fimiz bu \u00f6ncelik, bug\u00fcn bizi uluslararas\u0131 arenada hem b\u00f6lgemizin hem de \u00fclkemizin gurur kayna\u011f\u0131 haline getirdi. Bilimsel \u00fcretkenli\u011fi art\u0131ran g\u00fc\u00e7l\u00fc altyap\u0131m\u0131z ve nitelikli ara\u015ft\u0131rmalara verdi\u011fimiz destekle, \u00e7\u0131tay\u0131 her ge\u00e7en g\u00fcn daha da yukar\u0131 ta\u015f\u0131yaca\u011f\u0131m\u0131za inanc\u0131m tam. Bilgiyi sadece \u00fcretmekle yetinmiyor, o bilgiyi toplumsal faydaya d\u00f6n\u00fc\u015ft\u00fcrerek ya\u015fayan bir de\u011fer haline getiriyoruz. Elde etti\u011fimiz bu sayg\u0131n derece, izledi\u011fimiz \u00f6nc\u00fc vizyonun k\u00fcresel \u00f6l\u00e7ekte bir kez daha tescillenmesinden ibarettir.&#8221;<\/p>\n<p>Ba\u015far\u0131 hedef de\u011fil, sorumluluk<br \/>\n<br \/>Ya\u015far \u00dcniversitesi Rekt\u00f6r\u00fc Prof. Dr. Levent Kandiller ise yapt\u0131\u011f\u0131 de\u011ferlendirmede \u015funlar\u0131 vurgulad\u0131 &#8220;D\u00fcnya \u00fcniversiteleri aras\u0131nda \u00fcst s\u0131ralarda yer almak elbette hepimiz i\u00e7in b\u00fcy\u00fck bir gurur. Ancak biz e\u011fitim ve ara\u015ft\u0131rmadaki ba\u015far\u0131y\u0131 sadece bir hedef olarak de\u011fil, \u00fczerimizdeki temel bir sorumluluk olarak g\u00f6r\u00fcyoruz. Bizi as\u0131l heyecanland\u0131ran tablo ise \u015fu: S\u0131ralamada \u00fczerimizde yer alan pek \u00e7ok d\u00fcnya \u00fcniversitesinden \u00e7ok daha k\u0131s\u0131tl\u0131 imkanlarla, onlarla ayn\u0131 nitelikte akademik sonu\u00e7lar alabiliyoruz. Bu durum, ara\u015ft\u0131rma sistemimizin ne kadar do\u011fru ve verimli i\u015fledi\u011finin en somut kan\u0131t\u0131. \u015eimdi \u00f6nceli\u011fimiz, bilimsel \u00e7al\u0131\u015fmalara verdi\u011fimiz deste\u011fi daha da art\u0131rarak bu ba\u015far\u0131m\u0131z\u0131 her y\u0131l biraz daha yukar\u0131ya \u00e7ekmek.\u2019\u2019<br \/><\/p>\n","protected":false},"excerpt":{"rendered":"<p>Times Higher Education\u2019\u0131n (THE) yay\u0131nlad\u0131\u011f\u0131 &#8220;2026 D\u00fcnya \u00dcniversite S\u0131ralamalar\u0131&#8221; listesine giren Ya\u015far \u00dcniversitesi, alan s\u0131ralamalar\u0131nda \u0130\u015fletme-iktisat ve Sosyal Bilimler alanlar\u0131nda Ege B\u00f6lgesi\u2019ndeki birincili\u011fini devam ettirdi. Londra merkezli uluslararas\u0131 y\u00fcksek\u00f6\u011fretim derecelendirme kurulu\u015fu Times Higher Education (THE) &#8220;2026 D\u00fcnya \u00dcniversite S\u0131ralamalar\u0131&#8221; listesini a\u00e7\u0131klad\u0131. Scopus\u2019ta yer alan farkl\u0131 alanlara g\u00f6re THE D\u00fcnya S\u0131ralamas\u0131\u2019na giren \u00fcniversiteler; e\u011fitim kalitesi, ara\u015ft\u0131rma&#8230;<\/p>\n","protected":false},"author":1,"featured_media":82296,"comment_status":"open","ping_status":"open","sticky":false,"template":"","format":"standard","meta":{"_crdt_document":"","footnotes":""},"categories":[1],"tags":[],"class_list":["post-82295","post","type-post","status-publish","format-standard","has-post-thumbnail","hentry","category-guncel"],"_links":{"self":[{"href":"https:\/\/www.egemtv.com\/index.php?rest_route=\/wp\/v2\/posts\/82295","targetHints":{"allow":["GET"]}}],"collection":[{"href":"https:\/\/www.egemtv.com\/index.php?rest_route=\/wp\/v2\/posts"}],"about":[{"href":"https:\/\/www.egemtv.com\/index.php?rest_route=\/wp\/v2\/types\/post"}],"author":[{"embeddable":true,"href":"https:\/\/www.egemtv.com\/index.php?rest_route=\/wp\/v2\/users\/1"}],"replies":[{"embeddable":true,"href":"https:\/\/www.egemtv.com\/index.php?rest_route=%2Fwp%2Fv2%2Fcomments&post=82295"}],"version-history":[{"count":1,"href":"https:\/\/www.egemtv.com\/index.php?rest_route=\/wp\/v2\/posts\/82295\/revisions"}],"predecessor-version":[{"id":82297,"href":"https:\/\/www.egemtv.com\/index.php?rest_route=\/wp\/v2\/posts\/82295\/revisions\/82297"}],"wp:featuredmedia":[{"embeddable":true,"href":"https:\/\/www.egemtv.com\/index.php?rest_route=\/wp\/v2\/media\/82296"}],"wp:attachment":[{"href":"https:\/\/www.egemtv.com\/index.php?rest_route=%2Fwp%2Fv2%2Fmedia&parent=82295"}],"wp:term":[{"taxonomy":"category","embeddable":true,"href":"https:\/\/www.egemtv.com\/index.php?rest_route=%2Fwp%2Fv2%2Fcategories&post=82295"},{"taxonomy":"post_tag","embeddable":true,"href":"https:\/\/www.egemtv.com\/index.php?rest_route=%2Fwp%2Fv2%2Ftags&post=82295"}],"curies":[{"name":"wp","href":"https:\/\/api.w.org\/{rel}","templated":true}]}}