{"id":82292,"date":"2026-01-22T09:35:52","date_gmt":"2026-01-22T06:35:52","guid":{"rendered":"https:\/\/www.egemtv.com\/?p=82292"},"modified":"2026-01-22T09:35:53","modified_gmt":"2026-01-22T06:35:53","slug":"aydina-1-milyarlik-spor-hamlesi","status":"publish","type":"post","link":"https:\/\/www.egemtv.com\/?p=82292","title":{"rendered":"Ayd\u0131n\u2019a 1 milyarl\u0131k spor hamlesi"},"content":{"rendered":"<p>Ayd\u0131n\u2019\u0131n Efeler il\u00e7esinde in\u015fa edilecek, 1 milyar TL bedelli 4 bin ki\u015filik salonu ve sporcu e\u011fitim merkeziyle dikkat \u00e7eken Yeni Spor Kompleksi\u2019nin ihalesi tamamland\u0131.<br \/>\n<br \/>Efeler il\u00e7esi \u00c7e\u015ftepe b\u00f6lgesinde in\u015fa edilecek Yeni Spor Kompleksi\u2019nin ihalesi tamamland\u0131. 17 bin 578 metrekare in\u015faat alan\u0131na sahip, \u00e7evreci ve modern mimarisiyle dikkat \u00e7eken dev proje, Ayd\u0131n\u2019\u0131 sporun merkezi haline getirmeyi hedefliyor. Toplam 17 bin 578 metrekare in\u015faat alan\u0131na sahip olacak spor kompleksi, \u00fc\u00e7 bloktan olu\u015facak. A Blok\u2019ta yer alacak 4 bin ki\u015filik seyirci kapasiteli dev spor salonu, ulusal ve uluslararas\u0131 m\u00fcsabakalara ev sahipli\u011fi yapacak. B Blok\u2019ta bireysel bran\u015flara y\u00f6nelik antrenman salonlar\u0131, at\u0131\u015f poligonu, fitness ve halter alanlar\u0131 bulunacak. C Blok\u2019ta ise 65 yatak kapasiteli sporcu e\u011fitim merkezi, k\u00fct\u00fcphane ve sosyal alanlar yer alacak. Kendi enerjisini \u00fcreten G\u00fcne\u015f Enerjisi Sistemi (GES) ile \u00e7evreci bir anlay\u0131\u015fla in\u015fa edilecek olan kompleks, modern mimarisiyle de Ayd\u0131n\u2019a de\u011fer katacak. Toplam 1 milyar 5 milyon TL ihale bedeline sahip olan proje, gen\u00e7lere ve spor camias\u0131na \u00f6nemli imkanlar sunacak.<br \/><\/p>\n","protected":false},"excerpt":{"rendered":"<p>Ayd\u0131n\u2019\u0131n Efeler il\u00e7esinde in\u015fa edilecek, 1 milyar TL bedelli 4 bin ki\u015filik salonu ve sporcu e\u011fitim merkeziyle dikkat \u00e7eken Yeni Spor Kompleksi\u2019nin ihalesi tamamland\u0131. Efeler il\u00e7esi \u00c7e\u015ftepe b\u00f6lgesinde in\u015fa edilecek Yeni Spor Kompleksi\u2019nin ihalesi tamamland\u0131. 17 bin 578 metrekare in\u015faat alan\u0131na sahip, \u00e7evreci ve modern mimarisiyle dikkat \u00e7eken dev proje, Ayd\u0131n\u2019\u0131 sporun merkezi haline getirmeyi&#8230;<\/p>\n","protected":false},"author":1,"featured_media":82293,"comment_status":"open","ping_status":"open","sticky":false,"template":"","format":"standard","meta":{"_crdt_document":"","footnotes":""},"categories":[4],"tags":[],"class_list":["post-82292","post","type-post","status-publish","format-standard","has-post-thumbnail","hentry","category-spor"],"_links":{"self":[{"href":"https:\/\/www.egemtv.com\/index.php?rest_route=\/wp\/v2\/posts\/82292","targetHints":{"allow":["GET"]}}],"collection":[{"href":"https:\/\/www.egemtv.com\/index.php?rest_route=\/wp\/v2\/posts"}],"about":[{"href":"https:\/\/www.egemtv.com\/index.php?rest_route=\/wp\/v2\/types\/post"}],"author":[{"embeddable":true,"href":"https:\/\/www.egemtv.com\/index.php?rest_route=\/wp\/v2\/users\/1"}],"replies":[{"embeddable":true,"href":"https:\/\/www.egemtv.com\/index.php?rest_route=%2Fwp%2Fv2%2Fcomments&post=82292"}],"version-history":[{"count":1,"href":"https:\/\/www.egemtv.com\/index.php?rest_route=\/wp\/v2\/posts\/82292\/revisions"}],"predecessor-version":[{"id":82294,"href":"https:\/\/www.egemtv.com\/index.php?rest_route=\/wp\/v2\/posts\/82292\/revisions\/82294"}],"wp:featuredmedia":[{"embeddable":true,"href":"https:\/\/www.egemtv.com\/index.php?rest_route=\/wp\/v2\/media\/82293"}],"wp:attachment":[{"href":"https:\/\/www.egemtv.com\/index.php?rest_route=%2Fwp%2Fv2%2Fmedia&parent=82292"}],"wp:term":[{"taxonomy":"category","embeddable":true,"href":"https:\/\/www.egemtv.com\/index.php?rest_route=%2Fwp%2Fv2%2Fcategories&post=82292"},{"taxonomy":"post_tag","embeddable":true,"href":"https:\/\/www.egemtv.com\/index.php?rest_route=%2Fwp%2Fv2%2Ftags&post=82292"}],"curies":[{"name":"wp","href":"https:\/\/api.w.org\/{rel}","templated":true}]}}