{"id":82289,"date":"2026-01-22T09:35:52","date_gmt":"2026-01-22T06:35:52","guid":{"rendered":"https:\/\/www.egemtv.com\/?p=82289"},"modified":"2026-01-22T09:35:52","modified_gmt":"2026-01-22T06:35:52","slug":"tavsanlida-3-tekerlekli-elektrikli-motosiklet-devrildi-1-yarali","status":"publish","type":"post","link":"https:\/\/www.egemtv.com\/?p=82289","title":{"rendered":"Tav\u015fanl\u0131\u2019da 3 tekerlekli elektrikli motosiklet devrildi: 1 yaral\u0131"},"content":{"rendered":"<p>K\u00fctahya\u2019n\u0131n Tav\u015fanl\u0131 il\u00e7esinde meydana gelen trafik kazas\u0131nda 1 ki\u015fi yaraland\u0131.<br \/>\n<br \/>Edinilen bilgilere g\u00f6re, Yeni Mahalle Emet Caddesi istikametine seyir halinde olan Y\u00fcksel T. idaresindeki 43 ADL 535 plakal\u0131 3 tekerlekli elektrikli motosiklet, hen\u00fcz bilinmeyen bir nedenle devrildi. Meydana gelen kazada motosiklet s\u00fcr\u00fcc\u00fcs\u00fc yaraland\u0131.<br \/>\n<br \/>Kazan\u0131n ihbar edilmesi \u00fczerine olay yerine 112 Acil Servis ve polis ekipleri sevk edildi. Yaral\u0131 s\u00fcr\u00fcc\u00fcye sa\u011fl\u0131k ekipleri taraf\u0131ndan olay yerinde ilk m\u00fcdahale yap\u0131ld\u0131. Ard\u0131ndan Tav\u015fanl\u0131 Do\u00e7. Dr. Mustafa Kalemli Devlet Hastanesi\u2019ne kald\u0131r\u0131larak tedavi alt\u0131na al\u0131nd\u0131.<br \/><\/p>\n","protected":false},"excerpt":{"rendered":"<p>K\u00fctahya\u2019n\u0131n Tav\u015fanl\u0131 il\u00e7esinde meydana gelen trafik kazas\u0131nda 1 ki\u015fi yaraland\u0131. Edinilen bilgilere g\u00f6re, Yeni Mahalle Emet Caddesi istikametine seyir halinde olan Y\u00fcksel T. idaresindeki 43 ADL 535 plakal\u0131 3 tekerlekli elektrikli motosiklet, hen\u00fcz bilinmeyen bir nedenle devrildi. Meydana gelen kazada motosiklet s\u00fcr\u00fcc\u00fcs\u00fc yaraland\u0131. Kazan\u0131n ihbar edilmesi \u00fczerine olay yerine 112 Acil Servis ve polis ekipleri&#8230;<\/p>\n","protected":false},"author":1,"featured_media":82290,"comment_status":"open","ping_status":"open","sticky":false,"template":"","format":"standard","meta":{"_crdt_document":"","footnotes":""},"categories":[5],"tags":[],"class_list":["post-82289","post","type-post","status-publish","format-standard","has-post-thumbnail","hentry","category-asayis"],"_links":{"self":[{"href":"https:\/\/www.egemtv.com\/index.php?rest_route=\/wp\/v2\/posts\/82289","targetHints":{"allow":["GET"]}}],"collection":[{"href":"https:\/\/www.egemtv.com\/index.php?rest_route=\/wp\/v2\/posts"}],"about":[{"href":"https:\/\/www.egemtv.com\/index.php?rest_route=\/wp\/v2\/types\/post"}],"author":[{"embeddable":true,"href":"https:\/\/www.egemtv.com\/index.php?rest_route=\/wp\/v2\/users\/1"}],"replies":[{"embeddable":true,"href":"https:\/\/www.egemtv.com\/index.php?rest_route=%2Fwp%2Fv2%2Fcomments&post=82289"}],"version-history":[{"count":1,"href":"https:\/\/www.egemtv.com\/index.php?rest_route=\/wp\/v2\/posts\/82289\/revisions"}],"predecessor-version":[{"id":82291,"href":"https:\/\/www.egemtv.com\/index.php?rest_route=\/wp\/v2\/posts\/82289\/revisions\/82291"}],"wp:featuredmedia":[{"embeddable":true,"href":"https:\/\/www.egemtv.com\/index.php?rest_route=\/wp\/v2\/media\/82290"}],"wp:attachment":[{"href":"https:\/\/www.egemtv.com\/index.php?rest_route=%2Fwp%2Fv2%2Fmedia&parent=82289"}],"wp:term":[{"taxonomy":"category","embeddable":true,"href":"https:\/\/www.egemtv.com\/index.php?rest_route=%2Fwp%2Fv2%2Fcategories&post=82289"},{"taxonomy":"post_tag","embeddable":true,"href":"https:\/\/www.egemtv.com\/index.php?rest_route=%2Fwp%2Fv2%2Ftags&post=82289"}],"curies":[{"name":"wp","href":"https:\/\/api.w.org\/{rel}","templated":true}]}}