{"id":82286,"date":"2026-01-22T09:35:51","date_gmt":"2026-01-22T06:35:51","guid":{"rendered":"https:\/\/www.egemtv.com\/?p=82286"},"modified":"2026-01-22T09:35:51","modified_gmt":"2026-01-22T06:35:51","slug":"motosiklet-otomobille-carpisti-1-yarali","status":"publish","type":"post","link":"https:\/\/www.egemtv.com\/?p=82286","title":{"rendered":"Motosiklet otomobille \u00e7arp\u0131\u015ft\u0131: 1 yaral\u0131"},"content":{"rendered":"<p>K\u00fctahya\u2019n\u0131n Tav\u015fanl\u0131 il\u00e7esinde otomobil ile motosikletin \u00e7arp\u0131\u015fmas\u0131 sonucu meydana gelen trafik kazas\u0131nda 1 ki\u015fi yaraland\u0131.<br \/>\n<br \/>Kaza, Tav\u015fanl\u0131-Emet \u00e7evreyolu \u00fczerindeki \u0131\u015f\u0131kl\u0131 kav\u015fakta meydana geldi. Edinilen bilgilere g\u00f6re, Bal\u0131kesir istikametinden seyir halinde olan M.U. idaresindeki 16 BJD 429 plakal\u0131 motosiklet, kav\u015fakta il\u00e7e merkezine d\u00f6n\u00fc\u015f yapmak isteyen G.U. y\u00f6netimindeki 43 ADA 650 plakal\u0131 otomobile arkadan \u00e7arpt\u0131. \u00c7arp\u0131\u015fman\u0131n etkisiyle motosiklette yolcu konumunda bulunan H.C.K. yola savrularak yaraland\u0131. Kazay\u0131 g\u00f6ren vatanda\u015flar\u0131n ihbar\u0131 \u00fczerine olay yerine 112 Acil Servis ve polis ekipleri sevk edildi.<br \/>\n<br \/>Yaral\u0131 H.C.K., sa\u011fl\u0131k ekiplerinin olay yerinde yapt\u0131\u011f\u0131 ilk m\u00fcdahalenin ard\u0131ndan Tav\u015fanl\u0131 Do\u00e7. Dr. Mustafa Kalemli Devlet Hastanesi\u2019ne kald\u0131r\u0131larak tedavi alt\u0131na al\u0131nd\u0131. Yaral\u0131n\u0131n sa\u011fl\u0131k durumunun iyi oldu\u011fu \u00f6\u011frenildi.<br \/><\/p>\n","protected":false},"excerpt":{"rendered":"<p>K\u00fctahya\u2019n\u0131n Tav\u015fanl\u0131 il\u00e7esinde otomobil ile motosikletin \u00e7arp\u0131\u015fmas\u0131 sonucu meydana gelen trafik kazas\u0131nda 1 ki\u015fi yaraland\u0131. Kaza, Tav\u015fanl\u0131-Emet \u00e7evreyolu \u00fczerindeki \u0131\u015f\u0131kl\u0131 kav\u015fakta meydana geldi. Edinilen bilgilere g\u00f6re, Bal\u0131kesir istikametinden seyir halinde olan M.U. idaresindeki 16 BJD 429 plakal\u0131 motosiklet, kav\u015fakta il\u00e7e merkezine d\u00f6n\u00fc\u015f yapmak isteyen G.U. y\u00f6netimindeki 43 ADA 650 plakal\u0131 otomobile arkadan \u00e7arpt\u0131. \u00c7arp\u0131\u015fman\u0131n etkisiyle&#8230;<\/p>\n","protected":false},"author":1,"featured_media":82287,"comment_status":"open","ping_status":"open","sticky":false,"template":"","format":"standard","meta":{"_crdt_document":"","footnotes":""},"categories":[5],"tags":[],"class_list":["post-82286","post","type-post","status-publish","format-standard","has-post-thumbnail","hentry","category-asayis"],"_links":{"self":[{"href":"https:\/\/www.egemtv.com\/index.php?rest_route=\/wp\/v2\/posts\/82286","targetHints":{"allow":["GET"]}}],"collection":[{"href":"https:\/\/www.egemtv.com\/index.php?rest_route=\/wp\/v2\/posts"}],"about":[{"href":"https:\/\/www.egemtv.com\/index.php?rest_route=\/wp\/v2\/types\/post"}],"author":[{"embeddable":true,"href":"https:\/\/www.egemtv.com\/index.php?rest_route=\/wp\/v2\/users\/1"}],"replies":[{"embeddable":true,"href":"https:\/\/www.egemtv.com\/index.php?rest_route=%2Fwp%2Fv2%2Fcomments&post=82286"}],"version-history":[{"count":1,"href":"https:\/\/www.egemtv.com\/index.php?rest_route=\/wp\/v2\/posts\/82286\/revisions"}],"predecessor-version":[{"id":82288,"href":"https:\/\/www.egemtv.com\/index.php?rest_route=\/wp\/v2\/posts\/82286\/revisions\/82288"}],"wp:featuredmedia":[{"embeddable":true,"href":"https:\/\/www.egemtv.com\/index.php?rest_route=\/wp\/v2\/media\/82287"}],"wp:attachment":[{"href":"https:\/\/www.egemtv.com\/index.php?rest_route=%2Fwp%2Fv2%2Fmedia&parent=82286"}],"wp:term":[{"taxonomy":"category","embeddable":true,"href":"https:\/\/www.egemtv.com\/index.php?rest_route=%2Fwp%2Fv2%2Fcategories&post=82286"},{"taxonomy":"post_tag","embeddable":true,"href":"https:\/\/www.egemtv.com\/index.php?rest_route=%2Fwp%2Fv2%2Ftags&post=82286"}],"curies":[{"name":"wp","href":"https:\/\/api.w.org\/{rel}","templated":true}]}}