{"id":82283,"date":"2026-01-22T09:35:50","date_gmt":"2026-01-22T06:35:50","guid":{"rendered":"https:\/\/www.egemtv.com\/?p=82283"},"modified":"2026-01-22T09:35:51","modified_gmt":"2026-01-22T06:35:51","slug":"bayindira-ikinci-itfaiye-birimi-kuruluyor","status":"publish","type":"post","link":"https:\/\/www.egemtv.com\/?p=82283","title":{"rendered":"Bay\u0131nd\u0131r\u2019a ikinci itfaiye birimi kuruluyor"},"content":{"rendered":"<p>\u0130zmir\u2019in Bay\u0131nd\u0131r il\u00e7esinde itfaiye hizmetlerini g\u00fc\u00e7lendirecek \u00f6nemli bir ad\u0131m at\u0131ld\u0131. \u0130zmir B\u00fcy\u00fck\u015fehir Belediyesi ile Bay\u0131nd\u0131r Belediyesi i\u015f birli\u011finde, il\u00e7enin bat\u0131 b\u00f6lgesine ikinci bir itfaiye biriminin kurulmas\u0131na karar verildi.<br \/>\n<br \/>\u0130zmir B\u00fcy\u00fck\u015fehir Belediyesi \u0130tfaiye Daire Ba\u015fkan\u0131 Ya\u015far Korkmaz, Bay\u0131nd\u0131r Belediye Ba\u015fkan\u0131 Davut Sakarsu ve itfaiye dairesi \u015fube m\u00fcd\u00fcrleri; \u00c7\u0131rp\u0131 semtinde bulunan eski belediye binas\u0131 ile Ar\u0131kba\u015f\u0131 Mahallesi\u2019nde Bay\u0131nd\u0131r Belediyesi\u2019ne ait lojman\u0131 yerinde inceledi. Yap\u0131lan teknik ve fiziki de\u011ferlendirmelerin ard\u0131ndan, ikinci itfaiye biriminin Ar\u0131kba\u015f\u0131 Mahallesi\u2019ndeki belediyeye ait lojman alan\u0131na kurulmas\u0131na karar verildi. Bu karar\u0131n al\u0131nmas\u0131nda itfaiye personelinin konaklamas\u0131n\u0131n daha rahat sa\u011flanabilmesi, g\u00fcnl\u00fck ihtiya\u00e7lar\u0131n\u0131 kar\u015f\u0131layabilecekleri uygun bir alan\u0131n bulunmas\u0131 ve ana otoyol ile otobana yak\u0131n konumda yer almas\u0131 etkili oldu. Ayr\u0131ca kurulacak olan bu birim, Bay\u0131nd\u0131r\u2019\u0131n bat\u0131 taraf\u0131nda bulunan 10\u2019dan fazla mahallenin olas\u0131 yang\u0131n ve acil durumlar\u0131na daha h\u0131zl\u0131 m\u00fcdahale edilmesini sa\u011flayacak.<br \/>\n<br \/>Konuya ili\u015fkin a\u00e7\u0131klama yapan Bay\u0131nd\u0131r Belediye Ba\u015fkan\u0131 Davut Sakarsu, ikinci itfaiye biriminin il\u00e7eye \u00f6nemli katk\u0131 sa\u011flayaca\u011f\u0131n\u0131 belirterek, &#8220;Vatanda\u015flar\u0131m\u0131z\u0131n can ve mal g\u00fcvenli\u011fi bizim i\u00e7in her \u015feyden \u00f6nce geliyor. Bat\u0131 b\u00f6lgemizdeki mahallelerimize daha h\u0131zl\u0131 ve etkin hizmet verecek bu yeni itfaiye biriminin Bay\u0131nd\u0131r\u2019\u0131m\u0131za hay\u0131rl\u0131 olmas\u0131n\u0131 diliyorum.&#8221; dedi.<br \/>\n<br \/>Yeni itfaiye biriminin faaliyete ge\u00e7mesiyle birlikte Bay\u0131nd\u0131r genelinde acil m\u00fcdahale kapasitesinin g\u00fc\u00e7lenmesi ve yang\u0131nlara daha k\u0131sa s\u00fcrede m\u00fcdahale edilmesi hedefleniyor.<br \/><\/p>\n","protected":false},"excerpt":{"rendered":"<p>\u0130zmir\u2019in Bay\u0131nd\u0131r il\u00e7esinde itfaiye hizmetlerini g\u00fc\u00e7lendirecek \u00f6nemli bir ad\u0131m at\u0131ld\u0131. \u0130zmir B\u00fcy\u00fck\u015fehir Belediyesi ile Bay\u0131nd\u0131r Belediyesi i\u015f birli\u011finde, il\u00e7enin bat\u0131 b\u00f6lgesine ikinci bir itfaiye biriminin kurulmas\u0131na karar verildi. \u0130zmir B\u00fcy\u00fck\u015fehir Belediyesi \u0130tfaiye Daire Ba\u015fkan\u0131 Ya\u015far Korkmaz, Bay\u0131nd\u0131r Belediye Ba\u015fkan\u0131 Davut Sakarsu ve itfaiye dairesi \u015fube m\u00fcd\u00fcrleri; \u00c7\u0131rp\u0131 semtinde bulunan eski belediye binas\u0131 ile Ar\u0131kba\u015f\u0131 Mahallesi\u2019nde&#8230;<\/p>\n","protected":false},"author":1,"featured_media":82284,"comment_status":"open","ping_status":"open","sticky":false,"template":"","format":"standard","meta":{"_crdt_document":"","footnotes":""},"categories":[1],"tags":[],"class_list":["post-82283","post","type-post","status-publish","format-standard","has-post-thumbnail","hentry","category-guncel"],"_links":{"self":[{"href":"https:\/\/www.egemtv.com\/index.php?rest_route=\/wp\/v2\/posts\/82283","targetHints":{"allow":["GET"]}}],"collection":[{"href":"https:\/\/www.egemtv.com\/index.php?rest_route=\/wp\/v2\/posts"}],"about":[{"href":"https:\/\/www.egemtv.com\/index.php?rest_route=\/wp\/v2\/types\/post"}],"author":[{"embeddable":true,"href":"https:\/\/www.egemtv.com\/index.php?rest_route=\/wp\/v2\/users\/1"}],"replies":[{"embeddable":true,"href":"https:\/\/www.egemtv.com\/index.php?rest_route=%2Fwp%2Fv2%2Fcomments&post=82283"}],"version-history":[{"count":1,"href":"https:\/\/www.egemtv.com\/index.php?rest_route=\/wp\/v2\/posts\/82283\/revisions"}],"predecessor-version":[{"id":82285,"href":"https:\/\/www.egemtv.com\/index.php?rest_route=\/wp\/v2\/posts\/82283\/revisions\/82285"}],"wp:featuredmedia":[{"embeddable":true,"href":"https:\/\/www.egemtv.com\/index.php?rest_route=\/wp\/v2\/media\/82284"}],"wp:attachment":[{"href":"https:\/\/www.egemtv.com\/index.php?rest_route=%2Fwp%2Fv2%2Fmedia&parent=82283"}],"wp:term":[{"taxonomy":"category","embeddable":true,"href":"https:\/\/www.egemtv.com\/index.php?rest_route=%2Fwp%2Fv2%2Fcategories&post=82283"},{"taxonomy":"post_tag","embeddable":true,"href":"https:\/\/www.egemtv.com\/index.php?rest_route=%2Fwp%2Fv2%2Ftags&post=82283"}],"curies":[{"name":"wp","href":"https:\/\/api.w.org\/{rel}","templated":true}]}}