{"id":82280,"date":"2026-01-22T00:14:36","date_gmt":"2026-01-21T21:14:36","guid":{"rendered":"https:\/\/www.egemtv.com\/?p=82280"},"modified":"2026-01-22T00:14:36","modified_gmt":"2026-01-21T21:14:36","slug":"firtina-elektrik-tellerini-kopardi-cikan-yangin-buyumeden-sonduruldu","status":"publish","type":"post","link":"https:\/\/www.egemtv.com\/?p=82280","title":{"rendered":"F\u0131rt\u0131na elektrik tellerini kopard\u0131, \u00e7\u0131kan yang\u0131n b\u00fcy\u00fcmeden s\u00f6nd\u00fcr\u00fcld\u00fc"},"content":{"rendered":"<p>Mu\u011fla\u2019n\u0131n Marmaris il\u00e7esinde etkili olan f\u0131rt\u0131na sebebiyle kopan elektrik telleri, yol kenar\u0131ndaki otlar\u0131 tutu\u015fturdu. \u00c7\u0131kan yang\u0131n b\u00fcy\u00fcmeden s\u00f6nd\u00fcr\u00fcl\u00fcrken, baz\u0131 mahalleler elektriksiz kald\u0131.<br \/>\n<br \/>Marmaris il\u00e7esinde etkili olan f\u0131rt\u0131na hayat\u0131 olumsuz etkiledi. Edinilen bilgiye g\u00f6re Hisar\u00f6n\u00fc Mahallesi yolu \u00fczerinde f\u0131rt\u0131na sebebiyle elektrik telleri koptu. Yola d\u00fc\u015fen elektrik y\u00fckl\u00fc teller, otlar\u0131 tutu\u015fturdu. K\u0131sa s\u00fcrede geni\u015f alana yay\u0131lan alevleri fark eden vatanda\u015flar durumu 112 Acil \u00c7a\u011fr\u0131 Merkezi\u2019ne bildirdi. \u0130hbar \u00fczerine b\u00f6lgeye itfaiye, orman, jandarma ve ADM elektrik da\u011f\u0131t\u0131m firmas\u0131 ekipleri sevk edildi. K\u0131sa s\u00fcrede b\u00f6lgeye gelen ekipler ve mahalle halk\u0131 alevlere m\u00fcdahale ederken, baz\u0131 mahallelerde de elektrik kesintileri meydana geldi. Etkili olan f\u0131rt\u0131na sebebiyle alevler s\u0131k s\u0131k y\u00f6n de\u011fi\u015ftirirken, ekiplerin h\u0131zl\u0131 m\u00fcdahalesi ile yang\u0131n b\u00fcy\u00fcmeden kontrol alt\u0131na al\u0131narak s\u00f6nd\u00fcr\u00fcld\u00fc. B\u00f6lgede so\u011futma \u00e7al\u0131\u015fmalar\u0131 devam ediyor.<br \/>\n<br \/>Ayr\u0131ca etkili olan f\u0131rt\u0131na sebebiyle Turun\u00e7 Mahallesi\u2019nde de bir a\u011fa\u00e7 yola devrildi. \u015eans eseri olayda yaralanan olmazken, yol trafi\u011fe kapand\u0131. Ekiplerin m\u00fcdahalesiyle devrilen a\u011fa\u00e7 kald\u0131r\u0131larak yol trafi\u011fe a\u00e7\u0131ld\u0131.<br \/>\n<br \/>Yetkililer, etkili olan f\u0131rt\u0131na sebebiyle vatanda\u015flar\u0131n benzer durumlara kar\u015f\u0131 dikkatli olmalar\u0131 uyar\u0131s\u0131nda bulundu.<br \/><\/p>\n","protected":false},"excerpt":{"rendered":"<p>Mu\u011fla\u2019n\u0131n Marmaris il\u00e7esinde etkili olan f\u0131rt\u0131na sebebiyle kopan elektrik telleri, yol kenar\u0131ndaki otlar\u0131 tutu\u015fturdu. \u00c7\u0131kan yang\u0131n b\u00fcy\u00fcmeden s\u00f6nd\u00fcr\u00fcl\u00fcrken, baz\u0131 mahalleler elektriksiz kald\u0131. Marmaris il\u00e7esinde etkili olan f\u0131rt\u0131na hayat\u0131 olumsuz etkiledi. Edinilen bilgiye g\u00f6re Hisar\u00f6n\u00fc Mahallesi yolu \u00fczerinde f\u0131rt\u0131na sebebiyle elektrik telleri koptu. Yola d\u00fc\u015fen elektrik y\u00fckl\u00fc teller, otlar\u0131 tutu\u015fturdu. K\u0131sa s\u00fcrede geni\u015f alana yay\u0131lan alevleri&#8230;<\/p>\n","protected":false},"author":1,"featured_media":82281,"comment_status":"open","ping_status":"open","sticky":false,"template":"","format":"standard","meta":{"_crdt_document":"","footnotes":""},"categories":[5],"tags":[],"class_list":["post-82280","post","type-post","status-publish","format-standard","has-post-thumbnail","hentry","category-asayis"],"_links":{"self":[{"href":"https:\/\/www.egemtv.com\/index.php?rest_route=\/wp\/v2\/posts\/82280","targetHints":{"allow":["GET"]}}],"collection":[{"href":"https:\/\/www.egemtv.com\/index.php?rest_route=\/wp\/v2\/posts"}],"about":[{"href":"https:\/\/www.egemtv.com\/index.php?rest_route=\/wp\/v2\/types\/post"}],"author":[{"embeddable":true,"href":"https:\/\/www.egemtv.com\/index.php?rest_route=\/wp\/v2\/users\/1"}],"replies":[{"embeddable":true,"href":"https:\/\/www.egemtv.com\/index.php?rest_route=%2Fwp%2Fv2%2Fcomments&post=82280"}],"version-history":[{"count":1,"href":"https:\/\/www.egemtv.com\/index.php?rest_route=\/wp\/v2\/posts\/82280\/revisions"}],"predecessor-version":[{"id":82282,"href":"https:\/\/www.egemtv.com\/index.php?rest_route=\/wp\/v2\/posts\/82280\/revisions\/82282"}],"wp:featuredmedia":[{"embeddable":true,"href":"https:\/\/www.egemtv.com\/index.php?rest_route=\/wp\/v2\/media\/82281"}],"wp:attachment":[{"href":"https:\/\/www.egemtv.com\/index.php?rest_route=%2Fwp%2Fv2%2Fmedia&parent=82280"}],"wp:term":[{"taxonomy":"category","embeddable":true,"href":"https:\/\/www.egemtv.com\/index.php?rest_route=%2Fwp%2Fv2%2Fcategories&post=82280"},{"taxonomy":"post_tag","embeddable":true,"href":"https:\/\/www.egemtv.com\/index.php?rest_route=%2Fwp%2Fv2%2Ftags&post=82280"}],"curies":[{"name":"wp","href":"https:\/\/api.w.org\/{rel}","templated":true}]}}