{"id":82277,"date":"2026-01-21T21:54:39","date_gmt":"2026-01-21T18:54:39","guid":{"rendered":"https:\/\/www.egemtv.com\/?p=82277"},"modified":"2026-01-21T21:54:40","modified_gmt":"2026-01-21T18:54:40","slug":"baskan-arslandan-nazilli-icin-cagri","status":"publish","type":"post","link":"https:\/\/www.egemtv.com\/?p=82277","title":{"rendered":"Ba\u015fkan Arslan\u2019dan Nazilli i\u00e7in \u00e7a\u011fr\u0131"},"content":{"rendered":"<p>Nazilli Ticaret Odas\u0131 Y\u00f6netim Kurulu Ba\u015fkan\u0131 Nuri Arslan, d\u00fczenledi\u011fi \u2019Ge\u00e7mi\u015ften gelece\u011fe\u2019 isimli toplant\u0131da Nazilli\u2019nin gelece\u011fi i\u00e7in \u00e7a\u011fr\u0131da bulundu.<\/p>\n<p>Nazilli Ticaret Odas\u0131 Y\u00f6netim Kurulu Ba\u015fkan\u0131 Nuri Arslan, \u2019Ge\u00e7mi\u015ften gelece\u011fe\u2019 isimli bas\u0131n toplant\u0131s\u0131 d\u00fczenledi. Toplant\u0131da 2013 y\u0131l\u0131ndan bug\u00fcne kadar yap\u0131lan \u00e7al\u0131\u015fmalar, odan\u0131n \u00fcyelerine sundu\u011fu hizmetler ile Nazilli Ticaret Odas\u0131\u2019n\u0131n imkan ve kabiliyetleri ile ilgili g\u00f6rsel sunum yap\u0131ld\u0131. \u00dc\u00e7 ba\u015fl\u0131k alt\u0131nda yap\u0131lan toplant\u0131da Nazilli\u2019nin gelece\u011fi i\u00e7in \u00e7a\u011fr\u0131da bulunan Ba\u015fkan Arslan, Nazilli 2. OSB, Uzun Ya\u015fam K\u00f6y\u00fc ve S\u00fcmerbank\u2019\u0131n tekrar ekonomiye kazand\u0131r\u0131labilmesi i\u00e7in oda olarak ellerini ta\u015f\u0131n alt\u0131na koyduklar\u0131n\u0131 s\u00f6yledi. NTO Y\u00f6netim Kurulu \u00dcyeleri\u2019nin de haz\u0131r bulundu\u011fu toplant\u0131da hedeflenen proje ve faaliyetler hakk\u0131nda bilgi verildi. Toplant\u0131n\u0131n \u00f6nemli ba\u015fl\u0131klar\u0131ndan olan Nazilli S\u00fcmerbank Fabrikas\u0131\u2019n\u0131n tekrar ekonomiye kazand\u0131r\u0131lmas\u0131 ve fabrika binalar\u0131n\u0131n kullan\u0131labilir hale getirilmesi projesi, Uzun Ya\u015fam K\u00f6y\u00fc ile ba\u011flant\u0131l\u0131 a\u011fa\u00e7land\u0131rma projesi, kurulmas\u0131na te\u015febb\u00fcs edilen Nazilli 2. Organize Sanayi B\u00f6lgesi\u2019nin yer sorunu ve alternatif alan konular\u0131nda video g\u00f6sterimi yap\u0131ld\u0131.<\/p>\n<p>&#8220;Baz\u0131lar\u0131na imkans\u0131z gelen i\u015fler bizim i\u00e7in ola\u011fand\u0131r&#8221;<br \/>\n<br \/>Ba\u015fkan Nuri Arslan, konu\u015fmas\u0131nda baz\u0131lar\u0131 i\u00e7in imkans\u0131z g\u00f6r\u00fclen i\u015f ve hizmetlerin kendileri i\u00e7in normal faaliyetler oldu\u011funu ve en k\u0131sa zamanda \u00fcyelerinin menfaatleri do\u011frultusunda yerine getirilece\u011fini iddia ederek &#8220;2013 y\u0131l\u0131ndaki oda se\u00e7imlerinde \u00fcyeye hizmet i\u00e7in g\u00f6rev istedik ve bug\u00fcne kadar taahh\u00fct etti\u011fimiz proje ve hizmetlerin tamam\u0131na yak\u0131n\u0131n\u0131 hayata ge\u00e7irdik. Oransal olarak bak\u0131ld\u0131\u011f\u0131nda sadece y\u00fczde 2 gibi ger\u00e7ekle\u015fmeyen projelerimiz var. Bu hususta da maalesef s\u00fcrekli de\u011fi\u015fen mevzuat ve uygulamalar nedeniyle yap\u0131lamamaktad\u0131r. Nazilli 5. noteri \u0131srarl\u0131 taleplerimiz sonucunda hizmete girdi. B\u00fct\u00fcn bu geli\u015fmeler b\u00f6lgenin, Nazilli\u2019nin, ticaret ve \u00fcretim alan\u0131nda \u00e7ekim merkezi haline gelmesine sebep olmu\u015ftur. K Belgesi Hizmeti, Say\u0131sal Takograf Hizmeti gibi hizmetleri bug\u00fcne kadar hi\u00e7 kimse bize sunmad\u0131. \u0130l\u00e7e odas\u0131 oldu\u011fumuz i\u00e7in yetki alamayaca\u011f\u0131m\u0131z\u0131 s\u00f6ylediler. Biz de \u00fcyelerimiz istedi\u011fi i\u00e7in \u0131srarl\u0131 \u00e7abalar\u0131m\u0131z sonucu odam\u0131za bu hizmetleri kazand\u0131rd\u0131k&#8221; dedi.<\/p>\n<p>Ba\u015fkan Arslan konu\u015fmas\u0131n\u0131n devam\u0131nda &#8220;Bug\u00fcne kadar yapamayaca\u011f\u0131m\u0131z hi\u00e7bir i\u015fin s\u00f6z\u00fcn\u00fc vermedik. \u2019Yapabiliriz\u2019 dedi\u011fimiz her i\u015fi de mutlaka yapt\u0131k. \u00dcyenin menfaatine olmayan bir \u00e7al\u0131\u015fman\u0131n i\u00e7inde yer almad\u0131k. Bug\u00fcn, Nazilli Ticaret Odas\u0131, \u00fclke genelinde \u00fcyelerinin gurur duyaca\u011f\u0131 bir noktadad\u0131r. Bunu da hep birlikte ba\u015fard\u0131k. Bug\u00fcne kadar yap\u0131lanlar, bundan sonra yap\u0131lacak projelerin garantisidir. Nazilli ve b\u00f6lgesinin kalk\u0131nmas\u0131 i\u00e7in ger\u00e7ekle\u015ftirmeyi hedefledi\u011fimiz \u00e7ok say\u0131da projemiz var&#8221; ifadelerine yer verdi.<\/p>\n<p>&#8220;Kurumlar aras\u0131 i\u015f birli\u011finin \u015fart&#8221;<br \/>\n<br \/>Nazilli S\u00fcmerbank Basma Fabrikas\u0131 ile ilgili projeyi anlatan Ba\u015fkan Arslan; &#8220;2002 y\u0131l\u0131nda faaliyetine son verilen Nazilli S\u00fcmerbank Fabrikas\u0131 Ba\u015fbakanl\u0131k \u00d6zelle\u015ftirme Y\u00fcksek Kurulunun karar\u0131 ile 2003 y\u0131l\u0131nda Adnan Menderes \u00dcniversitesi\u2019ne devir edilmi\u015ftir. Ancak ge\u00e7en s\u00fcre i\u00e7inde S\u00fcmer Kamp\u00fcs\u00fc\u2019n\u00fcn potansiyeli tam olarak kullan\u0131lamam\u0131\u015ft\u0131r. 2003 y\u0131l\u0131ndan sonra in\u015fa edilen baz\u0131 s\u0131n\u0131flar ile fabrikan\u0131n \u00e7ok k\u00fc\u00e7\u00fck bir alan\u0131 kullan\u0131lmaktad\u0131r. S\u00fcmerbank kamp\u00fcs\u00fcn\u00fcn 2020 tarihinde \u00c7evre ve \u015eehircilik Bakanl\u0131\u011f\u0131 taraf\u0131ndan \u2019Do\u011fal sit-koruma ve kontroll\u00fc kullan\u0131m alan\u0131\u2019 ilan edilmesi de yap\u0131lmas\u0131 d\u00fc\u015f\u00fcn\u00fclen yat\u0131r\u0131mlar\u0131 engellemi\u015ftir. Fabrika alan\u0131n\u0131n ve at\u0131l durumdaki eski hangarlar\u0131n temizlik, bak\u0131m ve tadilatlar\u0131n\u0131n yap\u0131lmas\u0131 halinde \u00f6nemli bir \u00fcretim ve ticaret merkezi b\u00f6lgeye kazand\u0131r\u0131lm\u0131\u015f olacakt\u0131r. S\u00fcmer Fuar Alan\u0131, S\u00fcmer Sanayi M\u00fczesi, S\u00fcmer Tekstil Fabrikas\u0131, S\u00fcmer Tar\u0131m ve Ziraat \u00dcr\u00fcnleri \u0130\u015fletmeleri, S\u00fcmer Co\u011frafi \u0130\u015faretli Yerel \u00dcr\u00fcnler Sat\u0131\u015f Alanlar\u0131, S\u00fcmer G\u0131d\u0131 G\u0131d\u0131 Tren Hatt\u0131, S\u00fcmer Sosyal Alanlar\u0131 ve daha bir\u00e7ok yenili\u011fi b\u00f6lgemize kazand\u0131rabiliriz. Nazilli Ticaret Odas\u0131 olarak S\u00fcmerbank Basma Fabrikas\u0131\u2019n\u0131n tekrar ekonomiye kazand\u0131r\u0131lmas\u0131 i\u00e7in kurumlar aras\u0131 i\u015fbirli\u011finin \u015fart oldu\u011funa inan\u0131yoruz. Bu proje Nazilli b\u00f6lgesinin kalk\u0131nmas\u0131 i\u00e7in gerekli g\u00f6rd\u00fc\u011f\u00fcm\u00fcz ve \u00f6nem verdi\u011fimiz \u00e7al\u0131\u015fmalardan bir tanesidir&#8221; dedi.<\/p>\n<p>&#8220;En az 4 bin ki\u015fiye istihdam sa\u011flayacak&#8221;<br \/>\n<br \/>A\u011fa\u00e7land\u0131rma projesinin de tamamlamak \u00fczere oldu\u011funu ifade eden Arslan; &#8220;M\u00fclkiyeti Milli Emlak M\u00fcd\u00fcrl\u00fc\u011f\u00fc\u2019ne ait Duras\u0131ll\u0131 Mahallesi\u2019nde bulunan 100 hektarl\u0131k bir alan a\u011fa\u00e7land\u0131rma amac\u0131yla tahsis edilmi\u015ftir. Ticaret odas\u0131n\u0131n her \u00fcyesi i\u00e7in bir fidan dikilmesi planlanm\u0131\u015f, fidan dikim \u00e7al\u0131\u015fmalar\u0131 b\u00fcy\u00fck \u00f6l\u00e7\u00fcde tamamlanm\u0131\u015ft\u0131r. Mu\u011fla Orman B\u00f6lge M\u00fcd\u00fcrl\u00fc\u011f\u00fc ile Nazilli Orman \u0130\u015fletme M\u00fcd\u00fcrl\u00fc\u011f\u00fc onayl\u0131 a\u011fa\u00e7land\u0131rma projesini tamamlamak \u00fczere son \u00e7al\u0131\u015fmalar yap\u0131lmaktad\u0131r. Sosyal sorumluluk kapsam\u0131nda yap\u0131lan bu \u00e7al\u0131\u015fma ile b\u00f6lgemize \u00e7ok say\u0131da meyve veren a\u011fa\u00e7 kazand\u0131r\u0131lacakt\u0131r&#8221; \u015feklinde konu\u015ftu.<\/p>\n<p>Konu\u015fmas\u0131n\u0131n sonunda Nazilli 2. Organize Sanayi B\u00f6lgesi \u00e7al\u0131\u015fmalar\u0131 hakk\u0131nda da bilgi veren Ba\u015fkan Arslan; &#8220;\u00dclkemizin bir\u00e7ok b\u00f6lgesinde yat\u0131r\u0131mc\u0131 aran\u0131rken, Nazilli, Buharkent, Karacasu ve Bozdo\u011fan il\u00e7elerinde kendi sermayesi ile yat\u0131r\u0131m yapacak m\u00fcte\u015febbis haz\u0131r oldu\u011fu halde sanayi ve ticaret alan\u0131 yetersiz oldu\u011fundan yeni yat\u0131r\u0131mlar sekteye u\u011framaktad\u0131r. 2022 y\u0131l\u0131nda duyurdu\u011fumuz ve daha sonra a\u00e7\u0131klanan Nazilli 2. Organize Sanayi Alan\u0131 \u00e7al\u0131\u015fmalar\u0131 maalesef yer se\u00e7imi safhas\u0131nda durma noktas\u0131na gelmi\u015ftir. Nazilli 2. OSB\u2019nin yap\u0131lmas\u0131 i\u00e7in d\u00fc\u015f\u00fcn\u00fclen Toygar ve Esenk\u00f6y mahallelerinin do\u011fu k\u0131sm\u0131ndaki sahan\u0131n 1. derece sit alan\u0131 oldu\u011fu K\u00fclt\u00fcr ve Turizm Bakanl\u0131\u011f\u0131 yetkilileri taraf\u0131ndan ilan edilerek alana \u015ferh konulmu\u015ftur. Ancak sit olarak ilan edilen sahan\u0131n do\u011fu k\u0131sm\u0131nda 130 hektarl\u0131k uygun bir alan bulunmaktad\u0131r. Bu alan \u015fu an net olmamakla birlikte geni\u015fleme imkan\u0131 vard\u0131r. 130 hektarl\u0131k alanda yol, ye\u015fil alan ve sosyal tesisler \u00e7\u0131kar\u0131ld\u0131ktan sonra yakla\u015f\u0131k 86 hektar sanayi alan\u0131 elde edilecektir. Bu b\u00fcy\u00fckl\u00fckteki bir Organize Sanayi Alan\u0131 en az 4 bin ki\u015fiye istihdam anlam\u0131na gelmektedir. Menderes Ovas\u0131\u2019n\u0131n \u2019B\u00fcy\u00fck ova\u2019 projesine dahil edilmesi neticesinde b\u00f6lgemizde sanayi alan\u0131 olabilecek ikinci bir alternatif bulunmamaktad\u0131r. 130 hektarl\u0131k alan\u0131n zemini kaya\u00e7 yap\u0131dad\u0131r. Zemin kayal\u0131k oldu\u011fundan dolgu ve hafriyat maliyeti asgari d\u00fczeyde olacakt\u0131r. Denizli-\u0130zmir otoban\u0131na 3 km mesafede oldu\u011fundan lojistik a\u00e7\u0131dan olduk\u00e7a avantajl\u0131d\u0131r. B\u00f6lgemizde tar\u0131msal sanayinin ihtiya\u00e7 duydu\u011fu t\u00fcm \u00fcr\u00fcnler yeti\u015ftirilmektedir. Bu a\u00e7\u0131dan bak\u0131ld\u0131\u011f\u0131nda Nazilli b\u00f6lgesi modern g\u0131da i\u015fletmeleri i\u00e7in \u00f6nemli bir yat\u0131r\u0131m alan\u0131d\u0131r. Nazilli b\u00f6lgesinin kalk\u0131nmas\u0131 ancak Nazilli 2. Organize Sanayi B\u00f6lgesi\u2019nin hayata ge\u00e7irilmesi ile m\u00fcmk\u00fcnd\u00fcr&#8221; dedi.<br \/><\/p>\n","protected":false},"excerpt":{"rendered":"<p>Nazilli Ticaret Odas\u0131 Y\u00f6netim Kurulu Ba\u015fkan\u0131 Nuri Arslan, d\u00fczenledi\u011fi \u2019Ge\u00e7mi\u015ften gelece\u011fe\u2019 isimli toplant\u0131da Nazilli\u2019nin gelece\u011fi i\u00e7in \u00e7a\u011fr\u0131da bulundu. Nazilli Ticaret Odas\u0131 Y\u00f6netim Kurulu Ba\u015fkan\u0131 Nuri Arslan, \u2019Ge\u00e7mi\u015ften gelece\u011fe\u2019 isimli bas\u0131n toplant\u0131s\u0131 d\u00fczenledi. Toplant\u0131da 2013 y\u0131l\u0131ndan bug\u00fcne kadar yap\u0131lan \u00e7al\u0131\u015fmalar, odan\u0131n \u00fcyelerine sundu\u011fu hizmetler ile Nazilli Ticaret Odas\u0131\u2019n\u0131n imkan ve kabiliyetleri ile ilgili g\u00f6rsel sunum yap\u0131ld\u0131&#8230;.<\/p>\n","protected":false},"author":1,"featured_media":82278,"comment_status":"open","ping_status":"open","sticky":false,"template":"","format":"standard","meta":{"_crdt_document":"","footnotes":""},"categories":[125],"tags":[],"class_list":["post-82277","post","type-post","status-publish","format-standard","has-post-thumbnail","hentry","category-ekonomi"],"_links":{"self":[{"href":"https:\/\/www.egemtv.com\/index.php?rest_route=\/wp\/v2\/posts\/82277","targetHints":{"allow":["GET"]}}],"collection":[{"href":"https:\/\/www.egemtv.com\/index.php?rest_route=\/wp\/v2\/posts"}],"about":[{"href":"https:\/\/www.egemtv.com\/index.php?rest_route=\/wp\/v2\/types\/post"}],"author":[{"embeddable":true,"href":"https:\/\/www.egemtv.com\/index.php?rest_route=\/wp\/v2\/users\/1"}],"replies":[{"embeddable":true,"href":"https:\/\/www.egemtv.com\/index.php?rest_route=%2Fwp%2Fv2%2Fcomments&post=82277"}],"version-history":[{"count":1,"href":"https:\/\/www.egemtv.com\/index.php?rest_route=\/wp\/v2\/posts\/82277\/revisions"}],"predecessor-version":[{"id":82279,"href":"https:\/\/www.egemtv.com\/index.php?rest_route=\/wp\/v2\/posts\/82277\/revisions\/82279"}],"wp:featuredmedia":[{"embeddable":true,"href":"https:\/\/www.egemtv.com\/index.php?rest_route=\/wp\/v2\/media\/82278"}],"wp:attachment":[{"href":"https:\/\/www.egemtv.com\/index.php?rest_route=%2Fwp%2Fv2%2Fmedia&parent=82277"}],"wp:term":[{"taxonomy":"category","embeddable":true,"href":"https:\/\/www.egemtv.com\/index.php?rest_route=%2Fwp%2Fv2%2Fcategories&post=82277"},{"taxonomy":"post_tag","embeddable":true,"href":"https:\/\/www.egemtv.com\/index.php?rest_route=%2Fwp%2Fv2%2Ftags&post=82277"}],"curies":[{"name":"wp","href":"https:\/\/api.w.org\/{rel}","templated":true}]}}