{"id":82271,"date":"2026-01-21T19:54:39","date_gmt":"2026-01-21T16:54:39","guid":{"rendered":"https:\/\/www.egemtv.com\/?p=82271"},"modified":"2026-01-21T19:54:40","modified_gmt":"2026-01-21T16:54:40","slug":"manisada-emeklilerin-ilac-katki-paylarini-belediye-karsilayacak","status":"publish","type":"post","link":"https:\/\/www.egemtv.com\/?p=82271","title":{"rendered":"Manisa\u2019da emeklilerin ila\u00e7 katk\u0131 paylar\u0131n\u0131 belediye kar\u015f\u0131layacak"},"content":{"rendered":"<p>Manisa B\u00fcy\u00fck\u015fehir Belediyesi, ihtiya\u00e7 sahibi emeklilerin ila\u00e7 katk\u0131 pay\u0131 ve fiyat farklar\u0131n\u0131 kar\u015f\u0131lamak i\u00e7in Manisa Eczac\u0131 Odas\u0131 ile protokol imzalad\u0131. \u015eubat ay\u0131nda ba\u015flayacak destek, dar gelirli emeklilerin b\u00fct\u00e7esine \u00f6nemli katk\u0131 sa\u011flayacak.<br \/>\n<br \/>Manisa B\u00fcy\u00fck\u015fehir Belediyesi, emekli vatanda\u015flar i\u00e7in yeni bir sosyal destek uygulamas\u0131n\u0131 hayata ge\u00e7iriyor. Sa\u011fl\u0131k ve Sosyal Hizmetler Dairesi Ba\u015fkanl\u0131\u011f\u0131 koordinasyonunda y\u00fcr\u00fct\u00fclecek proje kapsam\u0131nda, TEB 29. B\u00f6lge Manisa Eczac\u0131 Odas\u0131 ile imzalanan protokol sayesinde ihtiya\u00e7 sahibi emeklilerin ila\u00e7 kat\u0131l\u0131m paylar\u0131 ve raporlu ila\u00e7lardan kaynaklanan fiyat farklar\u0131 belediye taraf\u0131ndan kar\u015f\u0131lanacak.<br \/>\n<br \/>\u015eubat ay\u0131 itibar\u0131yla ba\u015flayacak uygulamadan faydalanmak isteyen emekli vatanda\u015flar, Manisa B\u00fcy\u00fck\u015fehir Belediyesinin resmi internet sitesi \u00fczerinden online olarak ya da belediyeye ba\u011fl\u0131 \u00e7al\u0131\u015fma ofislerine \u015fahsen ba\u015fvuruda bulunabilecek.<\/p>\n<p>&#8220;\u0130htiya\u00e7 sahibi emeklilerimizin yan\u0131nday\u0131z&#8221;<br \/>\n<br \/>Protokol t\u00f6reninde konu\u015fan Manisa B\u00fcy\u00fck\u015fehir Belediye Ba\u015fkan\u0131 Besim Dutlulu, emeklilerin sa\u011fl\u0131k hizmetlerine eri\u015fimini kolayla\u015ft\u0131rmay\u0131 hedeflediklerini belirterek, &#8220;Bu protokol ile \u00f6zellikle durumu iyi olmayan emekli vatanda\u015flar\u0131m\u0131z\u0131n raporlu ila\u00e7lar\u0131nda ortaya \u00e7\u0131kan fiyat farklar\u0131n\u0131 ve katk\u0131 paylar\u0131n\u0131 Manisa B\u00fcy\u00fck\u015fehir Belediyesi olarak kar\u015f\u0131layaca\u011f\u0131z. Manisa Eczac\u0131 Odas\u0131 ile i\u015f birli\u011fi i\u00e7inde hareket ederek, emeklilerimizin sa\u011fl\u0131k y\u00fck\u00fcn\u00fc hafifletmeyi ama\u00e7l\u0131yoruz. Destek veren t\u00fcm eczac\u0131lar\u0131m\u0131za te\u015fekk\u00fcr ediyorum&#8221; dedi.<\/p>\n<p>&#8220;Halk sa\u011fl\u0131\u011f\u0131na katk\u0131 sunan \u00f6rnek bir proje&#8221;<br \/>\n<br \/>Manisa Eczac\u0131 Odas\u0131 Ba\u015fkan\u0131 Duygu Elmas Mutlu ise B\u00fcy\u00fck\u015fehir Belediyesi ile ger\u00e7ekle\u015ftirilen i\u015f birli\u011finden duyduklar\u0131 memnuniyeti dile getirerek, &#8220;Besim Ba\u015fkan\u0131m\u0131z\u0131n \u00f6nc\u00fcl\u00fc\u011f\u00fcnde hayata ge\u00e7irilen bu proje sayesinde halk sa\u011fl\u0131\u011f\u0131na do\u011frudan katk\u0131 sunaca\u011f\u0131z. \u0130htiya\u00e7 sahibi vatanda\u015flar\u0131m\u0131za eczanelerimiz arac\u0131l\u0131\u011f\u0131yla ula\u015faca\u011f\u0131z. Hay\u0131rl\u0131 olmas\u0131n\u0131 diliyorum&#8221; ifadelerini kulland\u0131.<br \/><\/p>\n","protected":false},"excerpt":{"rendered":"<p>Manisa B\u00fcy\u00fck\u015fehir Belediyesi, ihtiya\u00e7 sahibi emeklilerin ila\u00e7 katk\u0131 pay\u0131 ve fiyat farklar\u0131n\u0131 kar\u015f\u0131lamak i\u00e7in Manisa Eczac\u0131 Odas\u0131 ile protokol imzalad\u0131. \u015eubat ay\u0131nda ba\u015flayacak destek, dar gelirli emeklilerin b\u00fct\u00e7esine \u00f6nemli katk\u0131 sa\u011flayacak. Manisa B\u00fcy\u00fck\u015fehir Belediyesi, emekli vatanda\u015flar i\u00e7in yeni bir sosyal destek uygulamas\u0131n\u0131 hayata ge\u00e7iriyor. Sa\u011fl\u0131k ve Sosyal Hizmetler Dairesi Ba\u015fkanl\u0131\u011f\u0131 koordinasyonunda y\u00fcr\u00fct\u00fclecek proje kapsam\u0131nda, TEB&#8230;<\/p>\n","protected":false},"author":1,"featured_media":82272,"comment_status":"open","ping_status":"open","sticky":false,"template":"","format":"standard","meta":{"_crdt_document":"","footnotes":""},"categories":[125],"tags":[],"class_list":["post-82271","post","type-post","status-publish","format-standard","has-post-thumbnail","hentry","category-ekonomi"],"_links":{"self":[{"href":"https:\/\/www.egemtv.com\/index.php?rest_route=\/wp\/v2\/posts\/82271","targetHints":{"allow":["GET"]}}],"collection":[{"href":"https:\/\/www.egemtv.com\/index.php?rest_route=\/wp\/v2\/posts"}],"about":[{"href":"https:\/\/www.egemtv.com\/index.php?rest_route=\/wp\/v2\/types\/post"}],"author":[{"embeddable":true,"href":"https:\/\/www.egemtv.com\/index.php?rest_route=\/wp\/v2\/users\/1"}],"replies":[{"embeddable":true,"href":"https:\/\/www.egemtv.com\/index.php?rest_route=%2Fwp%2Fv2%2Fcomments&post=82271"}],"version-history":[{"count":1,"href":"https:\/\/www.egemtv.com\/index.php?rest_route=\/wp\/v2\/posts\/82271\/revisions"}],"predecessor-version":[{"id":82273,"href":"https:\/\/www.egemtv.com\/index.php?rest_route=\/wp\/v2\/posts\/82271\/revisions\/82273"}],"wp:featuredmedia":[{"embeddable":true,"href":"https:\/\/www.egemtv.com\/index.php?rest_route=\/wp\/v2\/media\/82272"}],"wp:attachment":[{"href":"https:\/\/www.egemtv.com\/index.php?rest_route=%2Fwp%2Fv2%2Fmedia&parent=82271"}],"wp:term":[{"taxonomy":"category","embeddable":true,"href":"https:\/\/www.egemtv.com\/index.php?rest_route=%2Fwp%2Fv2%2Fcategories&post=82271"},{"taxonomy":"post_tag","embeddable":true,"href":"https:\/\/www.egemtv.com\/index.php?rest_route=%2Fwp%2Fv2%2Ftags&post=82271"}],"curies":[{"name":"wp","href":"https:\/\/api.w.org\/{rel}","templated":true}]}}