{"id":82265,"date":"2026-01-21T18:57:04","date_gmt":"2026-01-21T15:57:04","guid":{"rendered":"https:\/\/www.egemtv.com\/?p=82265"},"modified":"2026-01-21T18:57:04","modified_gmt":"2026-01-21T15:57:04","slug":"kuzenini-olduren-sahsa-36-yil-yardim-eden-karisina-29-yil-hapis-cezasi","status":"publish","type":"post","link":"https:\/\/www.egemtv.com\/?p=82265","title":{"rendered":"Kuzenini \u00f6ld\u00fcren \u015fahsa 36 y\u0131l, yard\u0131m eden kar\u0131s\u0131na 29 y\u0131l hapis cezas\u0131"},"content":{"rendered":"<p>Burdur\u2019da kuzenini \u00f6ld\u00fcren \u015fah\u0131s ve ona yard\u0131m eden e\u015finin yarg\u0131land\u0131\u011f\u0131 davada karar \u00e7\u0131kt\u0131. Kuzenini \u00f6ld\u00fcren san\u0131\u011fa 36 y\u0131l, ona yard\u0131m eden e\u015fi hakk\u0131nda da 29 y\u0131l hapis cezas\u0131 verildi.<br \/>\n<br \/>Olay, 22 Eyl\u00fcl 2024 tarihinde saat 20.00 s\u0131ralar\u0131nda Bucak il\u00e7esi Yunus Emre Mahallesi Y\u0131ld\u0131r\u0131m Caddesi ile 811. Sokak kesi\u015fiminde ya\u015fand\u0131. Edinilen bilgiye g\u00f6re, Onur Altan (24), aralar\u0131nda daha \u00f6nceden husumet bulunan halas\u0131n\u0131n o\u011flu Beytullah Soylu\u2019nun (24) kulland\u0131\u011f\u0131 ve Durmu\u015f S., \u00d6zcan S. (20) ile Bekir \u00d6.\u2019n\u00fcn (18) yolcu olarak bulundu\u011fu otomobilin \u00f6n\u00fcn\u00fc kendi arac\u0131yla kesti. Ara\u00e7 i\u00e7erisinde oturdu\u011fu yerden Beytullah Soylu\u2019nun arac\u0131na do\u011fru t\u00fcfekle 2 el ate\u015f eden Onur Altan, daha sonra olay yerinden uzakla\u015ft\u0131. A\u00e7\u0131lan ate\u015f sonucu g\u00f6\u011fs\u00fcnden vurulan Beytullah Soylu bilincini kaybetti. Yoku\u015f a\u015fa\u011f\u0131 kayan otomobil, park halindeki ba\u015fka bir araca \u00e7arparak durabildi. Ara\u00e7taki Bekir \u00d6. ve \u00d6zcan S. ise v\u00fccutlar\u0131n\u0131n \u00e7e\u015fitli yerlerine isabet eden sa\u00e7malarla yaraland\u0131.<br \/>\n<br \/>\u0130hbar \u00fczerine olay yerine gelen sa\u011fl\u0131k ekiplerinin ilk m\u00fcdahalesinin ard\u0131ndan yaral\u0131lar Bucak Devlet Hastanesi\u2019ne kald\u0131r\u0131ld\u0131. Durumu a\u011f\u0131r olan Beytullah Soylu, yap\u0131lan t\u00fcm m\u00fcdahalelere ra\u011fmen kurtar\u0131lamad\u0131. Cinayetin ard\u0131ndan ka\u00e7an Onur Altan, polis ekiplerince yap\u0131lan \u00e7al\u0131\u015fmalar sonucunda su\u00e7 aleti t\u00fcfekle birlikte bir evde saklan\u0131rken yakaland\u0131. Olayla ilgili y\u00fcr\u00fct\u00fclen soru\u015fturmada, su\u00e7 delillerini gizledi\u011fi ve Onur A.\u2019n\u0131n saklanmas\u0131na yard\u0131m etti\u011fi iddia edilen babas\u0131 Y.A. (48), e\u015fi \u015eerife Altan (21), arkada\u015flar\u0131 Beytullah T. (34) ve Erkan A. (32) g\u00f6zalt\u0131na al\u0131nd\u0131. Emniyetteki i\u015flemlerinin ard\u0131ndan Bucak Cumhuriyet Ba\u015fsavc\u0131l\u0131\u011f\u0131 taraf\u0131ndan tutuklanmas\u0131 talebiyle mahkemeye sevk edilen \u015f\u00fcphelilerden Onur A. ve e\u015fi \u015eerife A. Sulh Ceza Hakimli\u011fi\u2019nce tutuklan\u0131rken, arkada\u015flar\u0131 Beytullah T. ve Erkan A.\u2019ya ev hapsi cezas\u0131 verildi. Babas\u0131 Y.A. ise serbest b\u0131rak\u0131ld\u0131.<br \/>\n<br \/>Haz\u0131rlanan iddianamede, tutuklu san\u0131klar Onur Altan ve e\u015fi \u015eerife Altan hakk\u0131nda Beytullah Soylu\u2019ya y\u00f6nelik eylemlerinden &#8220;kasten \u00f6ld\u00fcrme su\u00e7undan m\u00fcebbet hapis cezas\u0131&#8221;, Bekir \u00d6. ve \u00d6zcan S.\u2019ye y\u00f6nelik eylemlerinden dolay\u0131 da ayr\u0131 ayr\u0131 &#8220;olas\u0131 kas\u0131tla silahla yaralama&#8221; su\u00e7undan 1,5 y\u0131ldan 4,5 y\u0131la kadar hapis cezas\u0131 talep edildi. Tutuksuz yarg\u0131lanan san\u0131klar Erkan A. ve Beytullah T. hakk\u0131nda &#8220;su\u00e7luyu kay\u0131rma&#8221; su\u00e7undan 6 aydan 5 y\u0131la kadar hapis cezas\u0131 talebiyle dava a\u00e7\u0131ld\u0131. \u0130lk duru\u015fmada mahkeme heyeti, tutuklu san\u0131klar Onur Altan ve \u015eerife Altan\u2019\u0131n tutukluluk hallerinin devam\u0131na, ev hapsiyle yarg\u0131lanan Erkan A. ve Beytullah T.\u2019nin ise ev hapsinin kald\u0131r\u0131larak, adli kontrol \u015fart\u0131yla serbest b\u0131rak\u0131lmas\u0131na karar verdi.<\/p>\n<p>Davada karar \u00e7\u0131kt\u0131<br \/>\n<br \/>Olayla ilgili davan\u0131n d\u00f6rd\u00fcnc\u00fc duru\u015fmas\u0131, Burdur 2. A\u011f\u0131r Ceza Mahkemesi\u2019nde g\u00f6r\u00fcld\u00fc. Duru\u015fmada tutuklu san\u0131k Onur Altan ve e\u015fi \u015eerife Altan, tan\u0131klar Beytullah Soylu\u2019nun yak\u0131nlar\u0131 ile taraf avukatlar\u0131 haz\u0131r bulundu. \u0130ddia makam\u0131, m\u00fctalaada iddianameyi tekrarlayarak, san\u0131klar\u0131n tutukluluk karar\u0131n\u0131n devam\u0131n\u0131 talep etti. San\u0131k avukatlar\u0131 ise mahkeme heyetinden Onur Altan ve \u015eerife Altan\u2019\u0131n tahliyesini talep ederken, duru\u015fmaya Ses ve G\u00f6r\u00fcnt\u00fc Bili\u015fim Sistemi (SEGB\u0130S) ile ba\u011flanan san\u0131k Onur Altan, \u00f6nceki savunmas\u0131n\u0131 tekrarlad\u0131\u011f\u0131n\u0131 s\u00f6yleyerek tahliyesini talep etti. SEGB\u0130S ile duru\u015fmaya kat\u0131lan \u015eerife Altan ise \u00f6nceki savunmas\u0131n\u0131 tekrar ederek tahliyesini talep etti.<\/p>\n<p>Katil zanl\u0131s\u0131na ve e\u015fine hapis cezas\u0131<br \/>\n<br \/>Mahkeme heyeti taraf\u0131ndan verilen aran\u0131n ard\u0131ndan Onur Altan\u2019\u0131n, maktul Beytullah Soylu\u2019ya kar\u015f\u0131 &#8220;kasten \u00f6ld\u00fcrme&#8221; su\u00e7undan haks\u0131z tahrik uygulanarak 18 y\u0131l, \u00d6zcan S.\u2019ye kar\u015f\u0131 olas\u0131 &#8220;kasten \u00f6ld\u00fcrmeye te\u015febb\u00fcs&#8221; 9 y\u0131l, Bekir S.\u2019ye kar\u015f\u0131 &#8220;kasten \u00f6ld\u00fcrmeye te\u015febb\u00fcs &#8220;su\u00e7u olu\u015fturdu\u011fu i\u00e7in 9 y\u0131l hapis cezas\u0131yla cezaland\u0131r\u0131lmas\u0131na karar verildi. \u015eerif Altan\u2019a ise, maktul Beytullah Soylu\u2019ya kar\u015f\u0131 &#8220;kasten \u00f6ld\u00fcrme su\u00e7u fikir ve eylem birli\u011fi i\u00e7erisinde&#8221; i\u015fledi\u011fi gerek\u00e7esiyle 15 y\u0131l, \u00d6zcan S\u2019ye kar\u015f\u0131 &#8220;kasten \u00f6ld\u00fcrme su\u00e7u fikir ve eylem birli\u011fi i\u00e7erisinde&#8221; gerek\u00e7esiyle 7 y\u0131l 6 ay, Bekir S.\u2019ye kar\u015f\u0131 &#8220;kasten \u00f6ld\u00fcrme su\u00e7u fikir ve eylem birli\u011fi i\u00e7erisinde&#8221; gerek\u00e7esiyle 7 y\u0131l 6 ay hapis cezas\u0131 ile cezaland\u0131r\u0131lmas\u0131na karar verildi.<br \/><\/p>\n","protected":false},"excerpt":{"rendered":"<p>Burdur\u2019da kuzenini \u00f6ld\u00fcren \u015fah\u0131s ve ona yard\u0131m eden e\u015finin yarg\u0131land\u0131\u011f\u0131 davada karar \u00e7\u0131kt\u0131. Kuzenini \u00f6ld\u00fcren san\u0131\u011fa 36 y\u0131l, ona yard\u0131m eden e\u015fi hakk\u0131nda da 29 y\u0131l hapis cezas\u0131 verildi. Olay, 22 Eyl\u00fcl 2024 tarihinde saat 20.00 s\u0131ralar\u0131nda Bucak il\u00e7esi Yunus Emre Mahallesi Y\u0131ld\u0131r\u0131m Caddesi ile 811. Sokak kesi\u015fiminde ya\u015fand\u0131. Edinilen bilgiye g\u00f6re, Onur Altan (24),&#8230;<\/p>\n","protected":false},"author":1,"featured_media":82266,"comment_status":"open","ping_status":"open","sticky":false,"template":"","format":"standard","meta":{"_crdt_document":"","footnotes":""},"categories":[5],"tags":[],"class_list":["post-82265","post","type-post","status-publish","format-standard","has-post-thumbnail","hentry","category-asayis"],"_links":{"self":[{"href":"https:\/\/www.egemtv.com\/index.php?rest_route=\/wp\/v2\/posts\/82265","targetHints":{"allow":["GET"]}}],"collection":[{"href":"https:\/\/www.egemtv.com\/index.php?rest_route=\/wp\/v2\/posts"}],"about":[{"href":"https:\/\/www.egemtv.com\/index.php?rest_route=\/wp\/v2\/types\/post"}],"author":[{"embeddable":true,"href":"https:\/\/www.egemtv.com\/index.php?rest_route=\/wp\/v2\/users\/1"}],"replies":[{"embeddable":true,"href":"https:\/\/www.egemtv.com\/index.php?rest_route=%2Fwp%2Fv2%2Fcomments&post=82265"}],"version-history":[{"count":1,"href":"https:\/\/www.egemtv.com\/index.php?rest_route=\/wp\/v2\/posts\/82265\/revisions"}],"predecessor-version":[{"id":82267,"href":"https:\/\/www.egemtv.com\/index.php?rest_route=\/wp\/v2\/posts\/82265\/revisions\/82267"}],"wp:featuredmedia":[{"embeddable":true,"href":"https:\/\/www.egemtv.com\/index.php?rest_route=\/wp\/v2\/media\/82266"}],"wp:attachment":[{"href":"https:\/\/www.egemtv.com\/index.php?rest_route=%2Fwp%2Fv2%2Fmedia&parent=82265"}],"wp:term":[{"taxonomy":"category","embeddable":true,"href":"https:\/\/www.egemtv.com\/index.php?rest_route=%2Fwp%2Fv2%2Fcategories&post=82265"},{"taxonomy":"post_tag","embeddable":true,"href":"https:\/\/www.egemtv.com\/index.php?rest_route=%2Fwp%2Fv2%2Ftags&post=82265"}],"curies":[{"name":"wp","href":"https:\/\/api.w.org\/{rel}","templated":true}]}}