{"id":82259,"date":"2026-01-21T18:35:36","date_gmt":"2026-01-21T15:35:36","guid":{"rendered":"https:\/\/www.egemtv.com\/?p=82259"},"modified":"2026-01-21T18:35:37","modified_gmt":"2026-01-21T15:35:37","slug":"aydinda-aranan-sahislar-jandarmadan-kacamadi","status":"publish","type":"post","link":"https:\/\/www.egemtv.com\/?p=82259","title":{"rendered":"Ayd\u0131n\u2019da aranan \u015fah\u0131slar jandarmadan ka\u00e7amad\u0131"},"content":{"rendered":"<p>Ayd\u0131n\u2019\u0131n Efeler, Nazilli ve Didim il\u00e7elerinde \u00e7e\u015fitli su\u00e7lardan aranan 3 ki\u015fi, jandarma ekiplerince k\u0131sk\u0131vrak yakaland\u0131.<br \/>\n<br \/>Aranan \u015fah\u0131slar\u0131n yakalanmas\u0131na y\u00f6nelik y\u00fcr\u00fct\u00fclen \u00e7al\u0131\u015fmalar aral\u0131ks\u0131z devam ediyor. Edinilen bilgiye g\u00f6re ekipler, Efeler il\u00e7esinde &#8220;Mala Zarar Verme&#8221; su\u00e7undan 5 y\u0131l 7 ay 15 g\u00fcn kesinle\u015fmi\u015f hapis cezas\u0131 ile aranan U.Y. (37) isimli \u015fahs\u0131 yakalad\u0131. Nazilli il\u00e7esi \u0130sabeyli Mahallesi\u2019nde de &#8220;A\u00e7\u0131kta B\u0131rak\u0131lm\u0131\u015f E\u015fya Hakk\u0131nda H\u0131rs\u0131zl\u0131k&#8221; su\u00e7lar\u0131ndan 20 y\u0131l kesinle\u015fmi\u015f hapis cezas\u0131 ile aranan S.\u00d6. (27) isimli \u015fah\u0131s yakaland\u0131. Ayr\u0131ca yap\u0131lan sorgulamas\u0131nda S.\u00d6.\u2019n\u00fcn bir\u00e7ok su\u00e7tan arand\u0131\u011f\u0131 tespit edildi. Didim il\u00e7esinde yap\u0131lan \u00e7al\u0131\u015fmalarda ise &#8220;H\u0131rs\u0131zl\u0131k&#8221; su\u00e7undan 6 y\u0131l 3 ay kesinle\u015fmi\u015f hapis cezas\u0131 ile aranan B.K. (39) isimli \u015fah\u0131s k\u0131sk\u0131vrak yakaland\u0131. G\u00f6zalt\u0131na al\u0131nan \u015f\u00fcpheliler gerekli i\u015flemlerinin ard\u0131ndan sevk edildi\u011fi adli makamlarca tutuklanarak cezaevine g\u00f6nderildi.<br \/><\/p>\n","protected":false},"excerpt":{"rendered":"<p>Ayd\u0131n\u2019\u0131n Efeler, Nazilli ve Didim il\u00e7elerinde \u00e7e\u015fitli su\u00e7lardan aranan 3 ki\u015fi, jandarma ekiplerince k\u0131sk\u0131vrak yakaland\u0131. Aranan \u015fah\u0131slar\u0131n yakalanmas\u0131na y\u00f6nelik y\u00fcr\u00fct\u00fclen \u00e7al\u0131\u015fmalar aral\u0131ks\u0131z devam ediyor. Edinilen bilgiye g\u00f6re ekipler, Efeler il\u00e7esinde &#8220;Mala Zarar Verme&#8221; su\u00e7undan 5 y\u0131l 7 ay 15 g\u00fcn kesinle\u015fmi\u015f hapis cezas\u0131 ile aranan U.Y. (37) isimli \u015fahs\u0131 yakalad\u0131. Nazilli il\u00e7esi \u0130sabeyli Mahallesi\u2019nde de&#8230;<\/p>\n","protected":false},"author":1,"featured_media":82260,"comment_status":"open","ping_status":"open","sticky":false,"template":"","format":"standard","meta":{"_crdt_document":"","footnotes":""},"categories":[5],"tags":[],"class_list":["post-82259","post","type-post","status-publish","format-standard","has-post-thumbnail","hentry","category-asayis"],"_links":{"self":[{"href":"https:\/\/www.egemtv.com\/index.php?rest_route=\/wp\/v2\/posts\/82259","targetHints":{"allow":["GET"]}}],"collection":[{"href":"https:\/\/www.egemtv.com\/index.php?rest_route=\/wp\/v2\/posts"}],"about":[{"href":"https:\/\/www.egemtv.com\/index.php?rest_route=\/wp\/v2\/types\/post"}],"author":[{"embeddable":true,"href":"https:\/\/www.egemtv.com\/index.php?rest_route=\/wp\/v2\/users\/1"}],"replies":[{"embeddable":true,"href":"https:\/\/www.egemtv.com\/index.php?rest_route=%2Fwp%2Fv2%2Fcomments&post=82259"}],"version-history":[{"count":1,"href":"https:\/\/www.egemtv.com\/index.php?rest_route=\/wp\/v2\/posts\/82259\/revisions"}],"predecessor-version":[{"id":82261,"href":"https:\/\/www.egemtv.com\/index.php?rest_route=\/wp\/v2\/posts\/82259\/revisions\/82261"}],"wp:featuredmedia":[{"embeddable":true,"href":"https:\/\/www.egemtv.com\/index.php?rest_route=\/wp\/v2\/media\/82260"}],"wp:attachment":[{"href":"https:\/\/www.egemtv.com\/index.php?rest_route=%2Fwp%2Fv2%2Fmedia&parent=82259"}],"wp:term":[{"taxonomy":"category","embeddable":true,"href":"https:\/\/www.egemtv.com\/index.php?rest_route=%2Fwp%2Fv2%2Fcategories&post=82259"},{"taxonomy":"post_tag","embeddable":true,"href":"https:\/\/www.egemtv.com\/index.php?rest_route=%2Fwp%2Fv2%2Ftags&post=82259"}],"curies":[{"name":"wp","href":"https:\/\/api.w.org\/{rel}","templated":true}]}}