{"id":82256,"date":"2026-01-21T18:14:52","date_gmt":"2026-01-21T15:14:52","guid":{"rendered":"https:\/\/www.egemtv.com\/?p=82256"},"modified":"2026-01-21T18:14:53","modified_gmt":"2026-01-21T15:14:53","slug":"kusadasi-belediyesi-bazi-birimlerini-cadira-tasidi","status":"publish","type":"post","link":"https:\/\/www.egemtv.com\/?p=82256","title":{"rendered":"Ku\u015fadas\u0131 Belediyesi baz\u0131 birimlerini \u00e7ad\u0131ra ta\u015f\u0131d\u0131"},"content":{"rendered":"<p>Ku\u015fadas\u0131 Belediyesi, B\u00fcy\u00fck\u015fehir Belediyesi ile ya\u015fad\u0131\u011f\u0131 sorunlar\u0131n ard\u0131ndan baz\u0131 hizmet birimlerini Y\u00f6r\u00fck \u00e7ad\u0131r\u0131na ta\u015f\u0131d\u0131. Ku\u015fadas\u0131 Belediyesi\u2019ne ba\u011fl\u0131 Mali \u0130\u015fler M\u00fcd\u00fcrl\u00fc\u011f\u00fc, Emlak ve Sosyal Hizmetler M\u00fcd\u00fcrl\u00fc\u011f\u00fc ile G\u00fcvercin Masa birimleri, Kent Meydan\u0131\u2019nda kurulan Y\u00f6r\u00fck Hizmet \u00c7ad\u0131r\u0131\u2019nda hizmet vermeye ba\u015flamas\u0131n\u0131n ard\u0131ndan Belediye Ba\u015fkan\u0131 \u00d6mer G\u00fcnel, y\u00f6resel k\u0131yafetleri ile \u00e7ad\u0131rda hizmet veren birimlere ziyaret etti. Ziyarette Ba\u015fkan G\u00fcnel\u2019e belediye meclis \u00fcyeleri ile birim amirleri de e\u015flik etti.<\/p>\n<p>Y\u00f6r\u00fck Hizmet  \u00c7ad\u0131r\u0131 \u00f6n\u00fcnde Ba\u015fkan \u00d6mer G\u00fcnel\u2019e  Y\u00f6r\u00fck Efe K\u00fclt\u00fcr Derne\u011fi Ba\u015fkan\u0131 Mevl\u00fct Kenar taraf\u0131ndan y\u00f6r\u00fck \u015fal\u0131 hediye edildi. Y\u00f6r\u00fck Ba\u015fkan\u0131 Kenar ba\u015fkana hitaben, &#8220;Y\u00f6r\u00fckler ve t\u00fcm hem\u015fehrilerin senin arkanda senin yolunda. Sen bug\u00fcn \u00e7oban ate\u015fini yakt\u0131n. Hizmetlerinin engellenmesine izin vermeyece\u011fiz &#8221; dedi.<\/p>\n<p>Kendisinin de Y\u00f6r\u00fck oldu\u011funu vurgulayan Ku\u015fadas\u0131 Belediye Ba\u015fkan\u0131 \u00d6mer G\u00fcnel, yapt\u0131\u011f\u0131 a\u00e7\u0131klamada &#8220;Kimseyle kavgam\u0131z yok. Bizim derdimiz kavga de\u011fil; hizmet. Hizmeti engellemeye \u00e7al\u0131\u015fanlar\u0131n, hizmet yolculu\u011funda bizi yenme ihtimalleri yoktur.&#8221; diye konu\u015ftu.<br \/>\n<br \/>Konu\u015fmas\u0131nda Atat\u00fcrk\u2019\u00fcn &#8220;Bir Y\u00f6r\u00fck \u00e7ad\u0131r\u0131n\u0131n duman\u0131 t\u00fct\u00fcyorsa bizi kimse yenemez&#8221; s\u00f6z\u00fcn\u00fc hat\u0131rlatan G\u00fcnel, &#8220;Sokakta da hizmet ederim, d\u00f6rt duvar aras\u0131nda da.Trakt\u00f6r kasas\u0131nda da hizmet ederim, kamyonun arkas\u0131nda da. Bunu kimse engelleyemez.&#8221; ifadelerini kulland\u0131.<\/p>\n<p>Vatanda\u015flara hitaben konu\u015fmas\u0131n\u0131 s\u00fcrd\u00fcren Ba\u015fkan G\u00fcnel, Ku\u015fadas\u0131 Belediyesi\u2019nin \u00f6zellikle vatanda\u015fla birebir temas eden birimlerinin bir s\u00fcre Y\u00f6r\u00fck Hizmet \u00c7ad\u0131r\u0131\u2019nda hizmet verece\u011fini belirterek,<br \/>\n<br \/>&#8220;Kent Meydan\u0131 olarak bilinen ye\u015fil alanda, vatanda\u015flar\u0131m\u0131z\u0131n kolayl\u0131kla ula\u015fabilece\u011fi bir alan olu\u015fturduk. Hizmetlerimiz burada kesintisiz \u015fekilde devam edecek. \u0130zmir depremi sonras\u0131 yap\u0131lan incelemelerde binan\u0131n depreme dayan\u0131ks\u0131z oldu\u011fu tespit edildi ve h\u0131zla tahliye edildi. Hizmetlerimizin d\u00f6rtte \u00fc\u00e7\u00fc zaten ba\u015fka bir binam\u0131zda s\u00fcr\u00fcyor, \u00e7ok k\u00fc\u00e7\u00fck bir k\u0131sm\u0131 B\u00fcy\u00fck\u015fehir Belediyesi\u2019nin tahsis etti\u011fi binadayd\u0131. Ancak d\u00f6rt y\u0131l sonra zemin kat i\u00e7in tahliye istendi&#8221; ifadelerini kulland\u0131.<br \/>\n<br \/>&#8220;Hukuki s\u00fcre\u00e7 devam ederken tahliye edildik&#8221;<br \/>\n<br \/>Hukuki s\u00fcrecin hen\u00fcz tamamlanmad\u0131\u011f\u0131n\u0131 da kaydeden Ba\u015fkan G\u00fcnel, &#8220;S\u00fcre\u00e7 bitmemi\u015f olmas\u0131na ra\u011fmen alan\u0131 tahliye ettik ve hizmetlerimizi Y\u00f6r\u00fck \u00e7ad\u0131r\u0131nda s\u00fcrd\u00fcrmeye ba\u015flad\u0131k. Kent Meydan\u0131 projemiz bu y\u0131l tamamlanacak. Ayr\u0131ca yeni hizmet binam\u0131z\u0131, \u015fu anda otogar olarak kullan\u0131lan alana in\u015fa edece\u011fiz. T\u00fcm birimlerimizi tek \u00e7at\u0131 alt\u0131nda toplayaca\u011f\u0131z,&#8221; dedi.<\/p>\n<p>Ramazan ay\u0131 boyunca sosyal yard\u0131mlar\u0131n ve erzak da\u011f\u0131t\u0131mlar\u0131n\u0131n da Y\u00f6r\u00fck Hizmet \u00c7ad\u0131r\u0131 \u00fczerinden yap\u0131laca\u011f\u0131n\u0131 belirten Ba\u015fkan G\u00fcnel,&#8221;Bu \u00e7ad\u0131r bir s\u00fcre burada kalacak. Di\u011fer otopark alan\u0131na her y\u0131l \u00e7ad\u0131r kuruyorduk ancak bu y\u0131l nedense sorun edildi. Ama tekrar ediyorum; bizim derdimiz kavga de\u011fil, hizmettir,&#8221; \u015feklinde konu\u015ftu.<br \/>\n<br \/>Konu\u015fmas\u0131n\u0131n ard\u0131ndan Ba\u015fkan G\u00fcnel, yak\u0131lan Y\u00f6r\u00fck ate\u015fi ba\u015f\u0131nda vatanda\u015flarla sohbet etti ve ikram edilen \u00e7orbadan i\u00e7ti.<br \/><\/p>\n","protected":false},"excerpt":{"rendered":"<p>Ku\u015fadas\u0131 Belediyesi, B\u00fcy\u00fck\u015fehir Belediyesi ile ya\u015fad\u0131\u011f\u0131 sorunlar\u0131n ard\u0131ndan baz\u0131 hizmet birimlerini Y\u00f6r\u00fck \u00e7ad\u0131r\u0131na ta\u015f\u0131d\u0131. Ku\u015fadas\u0131 Belediyesi\u2019ne ba\u011fl\u0131 Mali \u0130\u015fler M\u00fcd\u00fcrl\u00fc\u011f\u00fc, Emlak ve Sosyal Hizmetler M\u00fcd\u00fcrl\u00fc\u011f\u00fc ile G\u00fcvercin Masa birimleri, Kent Meydan\u0131\u2019nda kurulan Y\u00f6r\u00fck Hizmet \u00c7ad\u0131r\u0131\u2019nda hizmet vermeye ba\u015flamas\u0131n\u0131n ard\u0131ndan Belediye Ba\u015fkan\u0131 \u00d6mer G\u00fcnel, y\u00f6resel k\u0131yafetleri ile \u00e7ad\u0131rda hizmet veren birimlere ziyaret etti. Ziyarette Ba\u015fkan G\u00fcnel\u2019e&#8230;<\/p>\n","protected":false},"author":1,"featured_media":82257,"comment_status":"open","ping_status":"open","sticky":false,"template":"","format":"standard","meta":{"_crdt_document":"","footnotes":""},"categories":[1],"tags":[],"class_list":["post-82256","post","type-post","status-publish","format-standard","has-post-thumbnail","hentry","category-guncel"],"_links":{"self":[{"href":"https:\/\/www.egemtv.com\/index.php?rest_route=\/wp\/v2\/posts\/82256","targetHints":{"allow":["GET"]}}],"collection":[{"href":"https:\/\/www.egemtv.com\/index.php?rest_route=\/wp\/v2\/posts"}],"about":[{"href":"https:\/\/www.egemtv.com\/index.php?rest_route=\/wp\/v2\/types\/post"}],"author":[{"embeddable":true,"href":"https:\/\/www.egemtv.com\/index.php?rest_route=\/wp\/v2\/users\/1"}],"replies":[{"embeddable":true,"href":"https:\/\/www.egemtv.com\/index.php?rest_route=%2Fwp%2Fv2%2Fcomments&post=82256"}],"version-history":[{"count":1,"href":"https:\/\/www.egemtv.com\/index.php?rest_route=\/wp\/v2\/posts\/82256\/revisions"}],"predecessor-version":[{"id":82258,"href":"https:\/\/www.egemtv.com\/index.php?rest_route=\/wp\/v2\/posts\/82256\/revisions\/82258"}],"wp:featuredmedia":[{"embeddable":true,"href":"https:\/\/www.egemtv.com\/index.php?rest_route=\/wp\/v2\/media\/82257"}],"wp:attachment":[{"href":"https:\/\/www.egemtv.com\/index.php?rest_route=%2Fwp%2Fv2%2Fmedia&parent=82256"}],"wp:term":[{"taxonomy":"category","embeddable":true,"href":"https:\/\/www.egemtv.com\/index.php?rest_route=%2Fwp%2Fv2%2Fcategories&post=82256"},{"taxonomy":"post_tag","embeddable":true,"href":"https:\/\/www.egemtv.com\/index.php?rest_route=%2Fwp%2Fv2%2Ftags&post=82256"}],"curies":[{"name":"wp","href":"https:\/\/api.w.org\/{rel}","templated":true}]}}