{"id":82253,"date":"2026-01-21T17:57:10","date_gmt":"2026-01-21T14:57:10","guid":{"rendered":"https:\/\/www.egemtv.com\/?p=82253"},"modified":"2026-01-21T17:57:11","modified_gmt":"2026-01-21T14:57:11","slug":"pazar-kavgasinin-suphelileri-tutuklandi","status":"publish","type":"post","link":"https:\/\/www.egemtv.com\/?p=82253","title":{"rendered":"Pazar kavgas\u0131n\u0131n \u015f\u00fcphelileri tutukland\u0131"},"content":{"rendered":"<p>Ayd\u0131n\u2019\u0131n Efeler il\u00e7esindeki Sal\u0131 Pazar\u0131\u2019nda iki esnaf aras\u0131nda iddiaya g\u00f6re yer anla\u015fmazl\u0131\u011f\u0131 nedeniyle \u00e7\u0131kan silahl\u0131 kavga olay\u0131nda g\u00f6zalt\u0131na al\u0131nan 5 \u015f\u00fcpheli tutukland\u0131.<br \/>\n<br \/>Ge\u00e7ti\u011fimiz 20 Ocak 2026 tarihinde Zafer Mahallesi Sal\u0131 Pazar\u0131 i\u00e7erisinde pazarc\u0131 esnaflar\u0131 aras\u0131nda yer anla\u015fmazl\u0131\u011f\u0131ndan dolay\u0131 meydana gelen, 3 \u015fahs\u0131n silahla yaralanmas\u0131na ve 8 \u015fahs\u0131n da darp neticesinde yaralanmas\u0131na sebep olan silahl\u0131 kavga ile ilgili Asayi\u015f \u015eube M\u00fcd\u00fcrl\u00fc\u011f\u00fc ekiplerince, \u015f\u00fcphelilerin tespit edilip yakalanmas\u0131na y\u00f6nelik \u00e7al\u0131\u015fma ba\u015flat\u0131lm\u0131\u015ft\u0131. Edinilen bilgiye g\u00f6re yap\u0131lan \u00e7al\u0131\u015fmalar neticesinde kavgaya kar\u0131\u015ft\u0131\u011f\u0131 tespit edilen 5 \u015f\u00fcpheli \u015fah\u0131s k\u0131sa s\u00fcrede yakalanarak g\u00f6zalt\u0131na al\u0131nd\u0131. Ayr\u0131ca yap\u0131lan aramalarda 2 adet ruhsats\u0131z tabanca ele ge\u00e7irildi. \u015e\u00fcpheli \u015fah\u0131slar gerekli i\u015flemlerin ard\u0131ndan sevk edildikleri adli makamlarca tutuklanarak cezaevine g\u00f6nderildi.<br \/>\n<br \/>Ayd\u0131n \u0130l Emniyet M\u00fcd\u00fcrl\u00fc\u011f\u00fc\u2019nden yap\u0131lan a\u00e7\u0131klamada &#8220;Vatanda\u015flar\u0131m\u0131z\u0131n huzur ve g\u00fcvenli\u011finin sa\u011flanmas\u0131 amac\u0131yla, ilimiz genelinde su\u00e7un \u00f6nlenmesi, meydana gelen olaylarda faillerin yakalanmas\u0131na y\u00f6nelik \u00e7al\u0131\u015fmalar\u0131m\u0131z kararl\u0131l\u0131kla devam etmektedir&#8221; ifadeleri yer ald\u0131.<br \/><\/p>\n","protected":false},"excerpt":{"rendered":"<p>Ayd\u0131n\u2019\u0131n Efeler il\u00e7esindeki Sal\u0131 Pazar\u0131\u2019nda iki esnaf aras\u0131nda iddiaya g\u00f6re yer anla\u015fmazl\u0131\u011f\u0131 nedeniyle \u00e7\u0131kan silahl\u0131 kavga olay\u0131nda g\u00f6zalt\u0131na al\u0131nan 5 \u015f\u00fcpheli tutukland\u0131. Ge\u00e7ti\u011fimiz 20 Ocak 2026 tarihinde Zafer Mahallesi Sal\u0131 Pazar\u0131 i\u00e7erisinde pazarc\u0131 esnaflar\u0131 aras\u0131nda yer anla\u015fmazl\u0131\u011f\u0131ndan dolay\u0131 meydana gelen, 3 \u015fahs\u0131n silahla yaralanmas\u0131na ve 8 \u015fahs\u0131n da darp neticesinde yaralanmas\u0131na sebep olan silahl\u0131 kavga&#8230;<\/p>\n","protected":false},"author":1,"featured_media":82254,"comment_status":"open","ping_status":"open","sticky":false,"template":"","format":"standard","meta":{"_crdt_document":"","footnotes":""},"categories":[5],"tags":[],"class_list":["post-82253","post","type-post","status-publish","format-standard","has-post-thumbnail","hentry","category-asayis"],"_links":{"self":[{"href":"https:\/\/www.egemtv.com\/index.php?rest_route=\/wp\/v2\/posts\/82253","targetHints":{"allow":["GET"]}}],"collection":[{"href":"https:\/\/www.egemtv.com\/index.php?rest_route=\/wp\/v2\/posts"}],"about":[{"href":"https:\/\/www.egemtv.com\/index.php?rest_route=\/wp\/v2\/types\/post"}],"author":[{"embeddable":true,"href":"https:\/\/www.egemtv.com\/index.php?rest_route=\/wp\/v2\/users\/1"}],"replies":[{"embeddable":true,"href":"https:\/\/www.egemtv.com\/index.php?rest_route=%2Fwp%2Fv2%2Fcomments&post=82253"}],"version-history":[{"count":1,"href":"https:\/\/www.egemtv.com\/index.php?rest_route=\/wp\/v2\/posts\/82253\/revisions"}],"predecessor-version":[{"id":82255,"href":"https:\/\/www.egemtv.com\/index.php?rest_route=\/wp\/v2\/posts\/82253\/revisions\/82255"}],"wp:featuredmedia":[{"embeddable":true,"href":"https:\/\/www.egemtv.com\/index.php?rest_route=\/wp\/v2\/media\/82254"}],"wp:attachment":[{"href":"https:\/\/www.egemtv.com\/index.php?rest_route=%2Fwp%2Fv2%2Fmedia&parent=82253"}],"wp:term":[{"taxonomy":"category","embeddable":true,"href":"https:\/\/www.egemtv.com\/index.php?rest_route=%2Fwp%2Fv2%2Fcategories&post=82253"},{"taxonomy":"post_tag","embeddable":true,"href":"https:\/\/www.egemtv.com\/index.php?rest_route=%2Fwp%2Fv2%2Ftags&post=82253"}],"curies":[{"name":"wp","href":"https:\/\/api.w.org\/{rel}","templated":true}]}}