{"id":82250,"date":"2026-01-21T17:57:09","date_gmt":"2026-01-21T14:57:09","guid":{"rendered":"https:\/\/www.egemtv.com\/?p=82250"},"modified":"2026-01-21T17:57:10","modified_gmt":"2026-01-21T14:57:10","slug":"bodrum-mandalini-turkiyenin-dort-bir-yanina-ulasiyor","status":"publish","type":"post","link":"https:\/\/www.egemtv.com\/?p=82250","title":{"rendered":"Bodrum Mandalini T\u00fcrkiye\u2019nin d\u00f6rt bir yan\u0131na ula\u015f\u0131yor"},"content":{"rendered":"<p>Bodrum Belediyesi ve Belediye A.\u015e. i\u015f birli\u011finde geli\u015ftirilen yeni sat\u0131\u015f ve da\u011f\u0131t\u0131m stratejileriyle Bodrum Mandalini, T\u00fcrkiye\u2019nin d\u00f6rt bir yan\u0131na ula\u015f\u0131yor.<\/p>\n<p>Bodrum Belediyesi Tar\u0131msal Hizmetler M\u00fcd\u00fcrl\u00fc\u011f\u00fc koordinasyonunda y\u00fcr\u00fct\u00fclen \u00e7al\u0131\u015fmalar kapsam\u0131nda hem \u00fcreticiler destekleniyor hem de co\u011frafi i\u015faretli Bodrum Mandalini t\u00fcketiciyle do\u011frudan bulu\u015fturuluyor. Yap\u0131lan \u00e7al\u0131\u015fmalar kapsam\u0131nda, 5 ve 10 kilograml\u0131k \u00f6zel paketler h\u00e2linde haz\u0131rlanan Bodrum Mandalinleri, anla\u015fmal\u0131 kargo firmas\u0131 arac\u0131l\u0131\u011f\u0131yla T\u00fcrkiye\u2019nin d\u00f6rt bir yan\u0131na g\u00f6nderiliyor. \u00dczerinde \u00f6zel mesajlar\u0131n da yer ald\u0131\u011f\u0131 paketler adreslerine teslim edilirken, yeni sipari\u015flerin haz\u0131rl\u0131klar\u0131 da devam ediyor.<\/p>\n<p>Tek seferde 50 tonluk sipari\u015f<br \/>\n<br \/>Tar\u0131msal Hizmetler M\u00fcd\u00fcrl\u00fc\u011f\u00fc\u2019n\u00fcn \u00fcreticileri desteklemek ad\u0131na y\u00fcr\u00fctt\u00fc\u011f\u00fc bir di\u011fer organizasyonla Mersin\u2019e 50 ton Bodrum Mandalini sevk ediliyor. Bah\u00e7elievler, Turgutreis, M\u00fcskebi, Derek\u00f6y ve Bitez mahallelerinde \u00fcretim yapan 18 \u00fcreticiden al\u0131nan toplam 50 ton mandalinin sevk ve lojistik s\u00fcreci, Bodrum Belediyesi ekipleri taraf\u0131ndan titizlikle y\u00fcr\u00fct\u00fcl\u00fcyor.<\/p>\n<p>Mandalinin kendi ya\u015fam\u0131ndaki ve Bodrum k\u00fclt\u00fcr\u00fcndeki yerine s\u0131k s\u0131k vurgu yapan Bodrum Belediye Ba\u015fkan\u0131 Tamer Mandalinci\u2019nin de kat\u0131ld\u0131\u011f\u0131 turuncu hasat d\u00f6neminde, toplam 34 \u00fcreticiden 63 seferde, 69 ton Bodrum Mandalini al\u0131m\u0131 ger\u00e7ekle\u015ftirildi. Belediye taraf\u0131ndan ger\u00e7ekle\u015ftirilen al\u0131mlar ara vermeden devam ediyor.<\/p>\n<p>\u00dcreticiler memnun<br \/>\n<br \/>50 tonluk sevkiyat i\u00e7in bah\u00e7elerinden Bodrum Mandalini al\u0131m\u0131 yap\u0131lan \u00fcreticiler, son y\u0131llarda ger\u00e7ekle\u015ftirilen \u00e7al\u0131\u015fmalardan duyduklar\u0131 memnuniyeti dile getirdi. Bah\u00e7e sahiplerinden Hasan Akalan, &#8220;Bu \u00e7al\u0131\u015fma, bu tempo b\u00f6yle devam ederse hem mandalincilik hem de \u00e7ift\u00e7i kalk\u0131n\u0131r.&#8221; dedi.<br \/>\n<br \/>Bir di\u011fer \u00fcretici Bar\u0131\u015f Y\u00fccel Yavuz, &#8220;Normalde pazarlarda stant a\u00e7arak sat\u0131yorduk ya da ba\u015fka pazarc\u0131 arkada\u015flar\u0131m\u0131z geliyordu. Onlar al\u0131yordu ve tabii ki fiyatlar d\u00fc\u015f\u00fck oluyordu. Belediyemiz \u015fimdi daha y\u00fcksek fiyattan al\u0131m yapmaya ba\u015flad\u0131&#8221; ifadelerini kullan\u0131rken, \u00fcretici \u0130brahim \u00d6zdemir ise, &#8220;Satmakta zorlan\u0131yorduk, belediye al\u0131m yap\u0131nca daha iyi oluyor&#8221; dedi.<\/p>\n<p>\u00d6\u011frenciler Bodrum Mandalini\u2019ni dal\u0131nda tan\u0131yor<br \/>\n<br \/>Bodrum Mandalini\u2019ni yaln\u0131zca bug\u00fcn\u00fcn de\u011fil, gelece\u011fin de \u00fcr\u00fcn\u00fc haline getirmeyi hedefleyen Bodrum Belediyesi Tar\u0131msal Hizmetler M\u00fcd\u00fcrl\u00fc\u011f\u00fc, fark\u0131ndal\u0131k \u00e7al\u0131\u015fmalar\u0131n\u0131 e\u011fitim alan\u0131na da ta\u015f\u0131yor. Bu kapsamda Bitez Mahallesi\u2019ndeki uygulama bah\u00e7esinde \u00f6\u011frencilere y\u00f6nelik \u00e7e\u015fitli etkinlikler d\u00fczenleniyor.<\/p>\n<p>Bodrum genelindeki okullardan gelen \u00f6\u011frenciler, s\u0131n\u0131flar halinde kat\u0131ld\u0131klar\u0131 ziyaretlerde Bodrum Mandalini\u2019nin tarihini, \u00fcretim s\u00fcrecini ve hasad\u0131n\u0131 \u00f6\u011frenirken; dal\u0131ndan mandalin toplayarak birebir deneyim ya\u015fama f\u0131rsat\u0131 buluyor.<\/p>\n<p>Ye\u015fil Mandalin d\u00f6neminde de \u00fcreticiler desteklenmi\u015fti<br \/>\n<br \/>Bodrum Belediyesi Tar\u0131msal Hizmetler M\u00fcd\u00fcrl\u00fc\u011f\u00fc koordinesinde, ilgili payda\u015flar\u0131n deste\u011fiyle y\u00fcr\u00fct\u00fclen \u00e7al\u0131\u015fmalar kapsam\u0131nda Ye\u015fil Bodrum Mandalini d\u00f6neminde de \u00fcreticiler yaln\u0131z b\u0131rak\u0131lmad\u0131. Bu d\u00f6nemde toplam 72 \u00fcreticiden 70 ton mandalin al\u0131m\u0131 ger\u00e7ekle\u015ftirildi.<\/p>\n<p>Al\u0131m\u0131 yap\u0131lan Ye\u015fil Bodrum Mandalinleri de yine Tar\u0131msal Hizmetler M\u00fcd\u00fcrl\u00fc\u011f\u00fc organizasyonuyla T\u00fcrkiye\u2019nin d\u00f6rt bir yan\u0131na ula\u015ft\u0131r\u0131ld\u0131.<br \/><\/p>\n","protected":false},"excerpt":{"rendered":"<p>Bodrum Belediyesi ve Belediye A.\u015e. i\u015f birli\u011finde geli\u015ftirilen yeni sat\u0131\u015f ve da\u011f\u0131t\u0131m stratejileriyle Bodrum Mandalini, T\u00fcrkiye\u2019nin d\u00f6rt bir yan\u0131na ula\u015f\u0131yor. Bodrum Belediyesi Tar\u0131msal Hizmetler M\u00fcd\u00fcrl\u00fc\u011f\u00fc koordinasyonunda y\u00fcr\u00fct\u00fclen \u00e7al\u0131\u015fmalar kapsam\u0131nda hem \u00fcreticiler destekleniyor hem de co\u011frafi i\u015faretli Bodrum Mandalini t\u00fcketiciyle do\u011frudan bulu\u015fturuluyor. Yap\u0131lan \u00e7al\u0131\u015fmalar kapsam\u0131nda, 5 ve 10 kilograml\u0131k \u00f6zel paketler h\u00e2linde haz\u0131rlanan Bodrum Mandalinleri, anla\u015fmal\u0131&#8230;<\/p>\n","protected":false},"author":1,"featured_media":82251,"comment_status":"open","ping_status":"open","sticky":false,"template":"","format":"standard","meta":{"_crdt_document":"","footnotes":""},"categories":[125],"tags":[],"class_list":["post-82250","post","type-post","status-publish","format-standard","has-post-thumbnail","hentry","category-ekonomi"],"_links":{"self":[{"href":"https:\/\/www.egemtv.com\/index.php?rest_route=\/wp\/v2\/posts\/82250","targetHints":{"allow":["GET"]}}],"collection":[{"href":"https:\/\/www.egemtv.com\/index.php?rest_route=\/wp\/v2\/posts"}],"about":[{"href":"https:\/\/www.egemtv.com\/index.php?rest_route=\/wp\/v2\/types\/post"}],"author":[{"embeddable":true,"href":"https:\/\/www.egemtv.com\/index.php?rest_route=\/wp\/v2\/users\/1"}],"replies":[{"embeddable":true,"href":"https:\/\/www.egemtv.com\/index.php?rest_route=%2Fwp%2Fv2%2Fcomments&post=82250"}],"version-history":[{"count":1,"href":"https:\/\/www.egemtv.com\/index.php?rest_route=\/wp\/v2\/posts\/82250\/revisions"}],"predecessor-version":[{"id":82252,"href":"https:\/\/www.egemtv.com\/index.php?rest_route=\/wp\/v2\/posts\/82250\/revisions\/82252"}],"wp:featuredmedia":[{"embeddable":true,"href":"https:\/\/www.egemtv.com\/index.php?rest_route=\/wp\/v2\/media\/82251"}],"wp:attachment":[{"href":"https:\/\/www.egemtv.com\/index.php?rest_route=%2Fwp%2Fv2%2Fmedia&parent=82250"}],"wp:term":[{"taxonomy":"category","embeddable":true,"href":"https:\/\/www.egemtv.com\/index.php?rest_route=%2Fwp%2Fv2%2Fcategories&post=82250"},{"taxonomy":"post_tag","embeddable":true,"href":"https:\/\/www.egemtv.com\/index.php?rest_route=%2Fwp%2Fv2%2Ftags&post=82250"}],"curies":[{"name":"wp","href":"https:\/\/api.w.org\/{rel}","templated":true}]}}