{"id":82142,"date":"2026-01-21T11:14:59","date_gmt":"2026-01-21T08:14:59","guid":{"rendered":"https:\/\/www.egemtv.com\/?p=82142"},"modified":"2026-01-21T11:15:00","modified_gmt":"2026-01-21T08:15:00","slug":"aydinda-her-gun-4-ton-tibbi-atik-sessizce-bertaraf-ediliyor","status":"publish","type":"post","link":"https:\/\/www.egemtv.com\/?p=82142","title":{"rendered":"Ayd\u0131n\u2019da her g\u00fcn 4 ton t\u0131bbi at\u0131k sessizce bertaraf ediliyor"},"content":{"rendered":"<p>Ayd\u0131n B\u00fcy\u00fck\u015fehir Belediyesi\u2019nce her g\u00fcn 4 ton t\u0131bbi at\u0131k sessizce bertaraf edilerek toplum sa\u011fl\u0131\u011f\u0131 korunuyor.<br \/>\n<br \/>Ayd\u0131n B\u00fcy\u00fck\u015fehir Belediyesi \u00c7evre Koruma ve Kontrol Dairesi Ba\u015fkanl\u0131\u011f\u0131 b\u00fcnyesinde hizmet veren T\u0131bbi At\u0131k Sterilizasyon Tesisi taraf\u0131ndan her g\u00fcn tonlarca t\u0131bbi at\u0131k, g\u00fcvenli bir \u015fekilde bertaraf ediliyor. B\u00fcy\u00fck\u015fehir Belediye Ba\u015fkan\u0131 \u00d6zlem \u00c7er\u00e7io\u011flu\u2019nun \u00f6nc\u00fcl\u00fc\u011f\u00fcnde, b\u00fct\u00fcn resmi ve \u00f6zel kurulu\u015flardan toplanan at\u0131klar tesise ula\u015ft\u0131r\u0131larak, toplum sa\u011fl\u0131\u011f\u0131n\u0131n korunmas\u0131n\u0131 en \u00fcst d\u00fczeyde sa\u011flamaya devam ediyor. Hastaneler, klinikler ve sa\u011fl\u0131k kurulu\u015flar\u0131ndan \u00e7\u0131kan t\u0131bbi at\u0131klar, her g\u00fcn \u00f6zel y\u00f6ntemlerle toplan\u0131yor. G\u00fcnl\u00fck yakla\u015f\u0131k 4 tonu bulan t\u0131bbi at\u0131klar T\u0131bbi At\u0131k Sterilizasyon Tesisi\u2019nde insan sa\u011fl\u0131\u011f\u0131na ve \u00e7evreye zarar vermeyecek \u015fekilde bertaraf ediliyor.<br \/>\n<br \/>B\u00fcy\u00fck\u015fehir Belediyesi\u2019nce yap\u0131lan a\u00e7\u0131klamada, bug\u00fcne kadar 17 bin tonu a\u015fk\u0131n t\u0131bbi at\u0131\u011f\u0131n kontroll\u00fc \u015fekilde bertaraf edildi\u011fi belirtildi. A\u00e7\u0131klamada &#8220;T\u0131bbi at\u0131klar, evsel at\u0131klardan farkl\u0131d\u0131r. \u00d6zel \u015fekilde toplanmas\u0131 ve bertaraf edilmesi gerekir. Ayd\u0131n\u2019da her g\u00fcn yakla\u015f\u0131k 4 ton t\u0131bbi at\u0131k g\u00fcvenle toplan\u0131yor. Bug\u00fcne kadar toplamda 17 bin tonu a\u015fk\u0131n t\u0131bbi at\u0131k kontroll\u00fc \u015fekilde bertaraf edildi. Ayd\u0131n B\u00fcy\u00fck\u015fehir Belediyesi olarak hastanelerden ve sa\u011fl\u0131k kurulu\u015flar\u0131ndan toplanan bu at\u0131klar\u0131 g\u00fcvenli bi\u00e7imde tesislerimize ula\u015ft\u0131r\u0131yor, do\u011faya ve insana zarar vermeden bertaraf ediyoruz. Bu \u00e7al\u0131\u015fma Ayd\u0131n\u2019da toplum sa\u011fl\u0131\u011f\u0131n\u0131 korumak i\u00e7in sessiz ama hayati bir g\u00f6revdir&#8221; ifadeleri yer ald\u0131.<\/p>\n<p>&#8220;Sessiz ama hayati emek kararl\u0131l\u0131kla devam ediyor&#8221;<br \/>\n<br \/>\u00c7al\u0131\u015fmalar\u0131n her g\u00fcn b\u00fcy\u00fck bir titizlikle s\u00fcrd\u00fc\u011f\u00fcn\u00fc ifade eden Ayd\u0131n B\u00fcy\u00fck\u015fehir Belediye Ba\u015fkan\u0131 \u00d6zlem \u00c7er\u00e7io\u011flu ise, &#8220;Sa\u011fl\u0131k hizmetlerinin do\u011fal bir sonucu olan t\u0131bbi at\u0131klar, Ayd\u0131n\u2019da yaln\u0131zca bertaraf edilen de\u011fil, insan sa\u011fl\u0131\u011f\u0131 ve \u00e7evre g\u00fcvenli\u011fi g\u00f6zetilerek titizlikle y\u00f6netilen bir s\u00fcrecin par\u00e7as\u0131d\u0131r. Hastanelerden ve sa\u011fl\u0131k kurulu\u015flar\u0131ndan toplanan bu at\u0131klar, g\u00fcvenli bi\u00e7imde tesislerimize ula\u015ft\u0131r\u0131l\u0131yor ve do\u011faya, insana zarar vermeden bertaraf ediliyor. Bu \u00e7al\u0131\u015fma herkesin sa\u011fl\u0131\u011f\u0131 i\u00e7in her g\u00fcn ayn\u0131 titizlikle s\u00fcrd\u00fcr\u00fcl\u00fcr. Hizmetle b\u00fcy\u00fcyen Ayd\u0131n\u2019da, toplum sa\u011fl\u0131\u011f\u0131n\u0131 koruyan bu sessiz ama hayati emek kararl\u0131l\u0131kla devam ediyor&#8221; dedi.<br \/><\/p>\n","protected":false},"excerpt":{"rendered":"<p>Ayd\u0131n B\u00fcy\u00fck\u015fehir Belediyesi\u2019nce her g\u00fcn 4 ton t\u0131bbi at\u0131k sessizce bertaraf edilerek toplum sa\u011fl\u0131\u011f\u0131 korunuyor. Ayd\u0131n B\u00fcy\u00fck\u015fehir Belediyesi \u00c7evre Koruma ve Kontrol Dairesi Ba\u015fkanl\u0131\u011f\u0131 b\u00fcnyesinde hizmet veren T\u0131bbi At\u0131k Sterilizasyon Tesisi taraf\u0131ndan her g\u00fcn tonlarca t\u0131bbi at\u0131k, g\u00fcvenli bir \u015fekilde bertaraf ediliyor. B\u00fcy\u00fck\u015fehir Belediye Ba\u015fkan\u0131 \u00d6zlem \u00c7er\u00e7io\u011flu\u2019nun \u00f6nc\u00fcl\u00fc\u011f\u00fcnde, b\u00fct\u00fcn resmi ve \u00f6zel kurulu\u015flardan toplanan at\u0131klar&#8230;<\/p>\n","protected":false},"author":1,"featured_media":82143,"comment_status":"open","ping_status":"open","sticky":false,"template":"","format":"standard","meta":{"_crdt_document":"","footnotes":""},"categories":[1],"tags":[],"class_list":["post-82142","post","type-post","status-publish","format-standard","has-post-thumbnail","hentry","category-guncel"],"_links":{"self":[{"href":"https:\/\/www.egemtv.com\/index.php?rest_route=\/wp\/v2\/posts\/82142","targetHints":{"allow":["GET"]}}],"collection":[{"href":"https:\/\/www.egemtv.com\/index.php?rest_route=\/wp\/v2\/posts"}],"about":[{"href":"https:\/\/www.egemtv.com\/index.php?rest_route=\/wp\/v2\/types\/post"}],"author":[{"embeddable":true,"href":"https:\/\/www.egemtv.com\/index.php?rest_route=\/wp\/v2\/users\/1"}],"replies":[{"embeddable":true,"href":"https:\/\/www.egemtv.com\/index.php?rest_route=%2Fwp%2Fv2%2Fcomments&post=82142"}],"version-history":[{"count":1,"href":"https:\/\/www.egemtv.com\/index.php?rest_route=\/wp\/v2\/posts\/82142\/revisions"}],"predecessor-version":[{"id":82144,"href":"https:\/\/www.egemtv.com\/index.php?rest_route=\/wp\/v2\/posts\/82142\/revisions\/82144"}],"wp:featuredmedia":[{"embeddable":true,"href":"https:\/\/www.egemtv.com\/index.php?rest_route=\/wp\/v2\/media\/82143"}],"wp:attachment":[{"href":"https:\/\/www.egemtv.com\/index.php?rest_route=%2Fwp%2Fv2%2Fmedia&parent=82142"}],"wp:term":[{"taxonomy":"category","embeddable":true,"href":"https:\/\/www.egemtv.com\/index.php?rest_route=%2Fwp%2Fv2%2Fcategories&post=82142"},{"taxonomy":"post_tag","embeddable":true,"href":"https:\/\/www.egemtv.com\/index.php?rest_route=%2Fwp%2Fv2%2Ftags&post=82142"}],"curies":[{"name":"wp","href":"https:\/\/api.w.org\/{rel}","templated":true}]}}