{"id":82082,"date":"2026-01-21T09:34:56","date_gmt":"2026-01-21T06:34:56","guid":{"rendered":"https:\/\/www.egemtv.com\/?p=82082"},"modified":"2026-01-21T09:34:57","modified_gmt":"2026-01-21T06:34:57","slug":"isinmak-isterken-yaralanan-isci-7-gun-sonra-hayatini-kaybetti","status":"publish","type":"post","link":"https:\/\/www.egemtv.com\/?p=82082","title":{"rendered":"Is\u0131nmak isterken yaralanan i\u015f\u00e7i 7 g\u00fcn sonra hayat\u0131n\u0131 kaybetti"},"content":{"rendered":"<p>Denizli\u2019nin Merkezefendi il\u00e7esinde, \u00e7al\u0131\u015ft\u0131\u011f\u0131 fabrikada \u0131s\u0131nmak i\u00e7in sobaya d\u00f6kt\u00fc\u011f\u00fc tinerin parlamas\u0131 sonucu yaralanan gen\u00e7 i\u015f\u00e7i, tedavi g\u00f6rd\u00fc\u011f\u00fc hastanede 7 g\u00fcnl\u00fck hayat m\u00fccadelesini kaybetti.<\/p>\n<p>Olay, 13 Ocak tarihinde Merkezefendi il\u00e7esine ba\u011fl\u0131 Hac\u0131ey\u00fcpl\u00fc Mahallesi\u2019ndeki bir makine fabrikas\u0131nda meydana geldi. Fabrikada i\u015f\u00e7i olarak \u00e7al\u0131\u015fan 26 ya\u015f\u0131ndaki Yi\u011fit Can Okatan, sobay\u0131 tinerle yakmak istedi. Bu s\u0131rada tinerin parlamas\u0131 sonucu Okatan\u2019\u0131n v\u00fccudunda yan\u0131klar olu\u015ftu. Di\u011fer i\u015f\u00e7ilerin ihbar\u0131 \u00fczerine olay yerine sa\u011fl\u0131k ve polis ekipleri sevk edildi. Ambulansla ilk olarak Denizli Devlet Hastanesi\u2019ne kald\u0131r\u0131lan Okatan, daha sonra \u0130zmir Bozyaka E\u011fitim ve Ara\u015ft\u0131rma Hastanesi\u2019ne sevk edildi.<\/p>\n<p>\u0130zmir\u2019deki bran\u015f hastanesinin yo\u011fun bak\u0131m \u00fcnitesine al\u0131nan Okatan, 7 g\u00fcnl\u00fck ya\u015fam sava\u015f\u0131n\u0131 kaybetti. Otopsisi yap\u0131ld\u0131ktan sonra yak\u0131nlar\u0131na teslim edilen Okatan\u2019\u0131n cenazesi, bug\u00fcn Burdur\u2019un Alt\u0131nyayla il\u00e7esine ba\u011fl\u0131 K\u0131z\u0131lyaka k\u00f6y\u00fcnde topra\u011fa verildi.<br \/><\/p>\n","protected":false},"excerpt":{"rendered":"<p>Denizli\u2019nin Merkezefendi il\u00e7esinde, \u00e7al\u0131\u015ft\u0131\u011f\u0131 fabrikada \u0131s\u0131nmak i\u00e7in sobaya d\u00f6kt\u00fc\u011f\u00fc tinerin parlamas\u0131 sonucu yaralanan gen\u00e7 i\u015f\u00e7i, tedavi g\u00f6rd\u00fc\u011f\u00fc hastanede 7 g\u00fcnl\u00fck hayat m\u00fccadelesini kaybetti. Olay, 13 Ocak tarihinde Merkezefendi il\u00e7esine ba\u011fl\u0131 Hac\u0131ey\u00fcpl\u00fc Mahallesi\u2019ndeki bir makine fabrikas\u0131nda meydana geldi. Fabrikada i\u015f\u00e7i olarak \u00e7al\u0131\u015fan 26 ya\u015f\u0131ndaki Yi\u011fit Can Okatan, sobay\u0131 tinerle yakmak istedi. Bu s\u0131rada tinerin parlamas\u0131 sonucu&#8230;<\/p>\n","protected":false},"author":1,"featured_media":82083,"comment_status":"open","ping_status":"open","sticky":false,"template":"","format":"standard","meta":{"_crdt_document":"","footnotes":""},"categories":[5],"tags":[],"class_list":["post-82082","post","type-post","status-publish","format-standard","has-post-thumbnail","hentry","category-asayis"],"_links":{"self":[{"href":"https:\/\/www.egemtv.com\/index.php?rest_route=\/wp\/v2\/posts\/82082","targetHints":{"allow":["GET"]}}],"collection":[{"href":"https:\/\/www.egemtv.com\/index.php?rest_route=\/wp\/v2\/posts"}],"about":[{"href":"https:\/\/www.egemtv.com\/index.php?rest_route=\/wp\/v2\/types\/post"}],"author":[{"embeddable":true,"href":"https:\/\/www.egemtv.com\/index.php?rest_route=\/wp\/v2\/users\/1"}],"replies":[{"embeddable":true,"href":"https:\/\/www.egemtv.com\/index.php?rest_route=%2Fwp%2Fv2%2Fcomments&post=82082"}],"version-history":[{"count":1,"href":"https:\/\/www.egemtv.com\/index.php?rest_route=\/wp\/v2\/posts\/82082\/revisions"}],"predecessor-version":[{"id":82084,"href":"https:\/\/www.egemtv.com\/index.php?rest_route=\/wp\/v2\/posts\/82082\/revisions\/82084"}],"wp:featuredmedia":[{"embeddable":true,"href":"https:\/\/www.egemtv.com\/index.php?rest_route=\/wp\/v2\/media\/82083"}],"wp:attachment":[{"href":"https:\/\/www.egemtv.com\/index.php?rest_route=%2Fwp%2Fv2%2Fmedia&parent=82082"}],"wp:term":[{"taxonomy":"category","embeddable":true,"href":"https:\/\/www.egemtv.com\/index.php?rest_route=%2Fwp%2Fv2%2Fcategories&post=82082"},{"taxonomy":"post_tag","embeddable":true,"href":"https:\/\/www.egemtv.com\/index.php?rest_route=%2Fwp%2Fv2%2Ftags&post=82082"}],"curies":[{"name":"wp","href":"https:\/\/api.w.org\/{rel}","templated":true}]}}